{"id":53810,"date":"2025-11-30T13:01:08","date_gmt":"2025-11-30T13:01:08","guid":{"rendered":"https:\/\/www.europesays.com\/ee\/53810\/"},"modified":"2025-11-30T13:01:08","modified_gmt":"2025-11-30T13:01:08","slug":"huppevorm-ei-ole-kindlasti-nii-kehv-kui-esialgu-vois-tunduda-suusarajal-tunnen-end-samuti-enesekindlalt","status":"publish","type":"post","link":"https:\/\/www.europesays.com\/ee\/53810\/","title":{"rendered":"h\u00fcppevorm ei ole kindlasti nii kehv, kui esialgu v\u00f5is tunduda, suusarajal tunnen end samuti enesekindlalt"},"content":{"rendered":"<p>Ilvese s\u00f5nul oli ette n\u00e4ha, et t\u00e4nane v\u00f5istlus v\u00f5ib poolikuks j\u00e4\u00e4da. \u00abSee, et eilne v\u00f5istlus otsustati \u00e4ra j\u00e4tta, tuli mulle ehk v\u00e4ikese \u00fcllatusena, aga t\u00e4nane mitte. Juba eilne ilmaennustus n\u00e4itas, et tuleb v\u00e4ga tuuline p\u00e4ev,\u00bb r\u00e4\u00e4kis Ilves suusaliidu pressiteates.<\/p>\n<p>N\u00e4dalavahetusega tervikuna j\u00e4\u00e4b aga Ilves \u00fcldjoontes rahule. \u00abIsegi olukorras, kus maadlesin veidi oma h\u00fcpetega, alustasin neljanda kohaga. Kahju on PCR (prooviv\u00f5istlus &#8211; toim) h\u00fcppest, mis j\u00e4i natukene liiga l\u00fchikeseks. Kindlasti osalt oli see minu enda viga, kuid olid ka v\u00e4ga rasked olud ja seal ei olnud kuigi palju teha.\u00bb<\/p>\n<p>Ilves vaatab p\u00f5nevusega j\u00e4rgmiste maailmakarikaetappide suunas. \u00abAlles Trondheimis (j\u00e4rgmisel n\u00e4dalal &#8211; toim) n\u00e4eme, millised need j\u00f5uvahekorrad tegelikult on. Minu h\u00fcppevorm ei ole kindlasti nii kehv, kui esialgu v\u00f5is tunduda. Murdmaas\u00f5idus tunnen end samuti enesekindlalt ja kindlasti on midagi veel sees ka.\u00bb<\/p>\n","protected":false},"excerpt":{"rendered":"Ilvese s\u00f5nul oli ette n\u00e4ha, et t\u00e4nane v\u00f5istlus v\u00f5ib poolikuks j\u00e4\u00e4da. \u00abSee, et eilne v\u00f5istlus otsustati \u00e4ra j\u00e4tta,&hellip;\n","protected":false},"author":2,"featured_media":53811,"comment_status":"","ping_status":"","sticky":false,"template":"","format":"standard","meta":{"footnotes":"","_share_on_mastodon":"0"},"categories":[5],"tags":[26,27,37,33,35,34,36,31,32,21,27320,1684,28,29,27322,27321,19,27323,25,23,24,1911,22,20,30,1516],"class_list":["post-53810","post","type-post","status-publish","format-standard","has-post-thumbnail","category-uldised-uudised","tag-breaking-news","tag-breakingnews","tag-ee","tag-eesti","tag-eesti-keel","tag-estonia","tag-estonian","tag-featured-news","tag-featurednews","tag-headlines","tag-huppevorm","tag-ilves","tag-latest-news","tag-latestnews","tag-maailmakarikaetapid","tag-murdmaasoit","tag-news","tag-pcr","tag-populaarseimad-lood","tag-top-stories","tag-topstories","tag-trondheim","tag-uldised-uudised","tag-uudised","tag-viimased-uudised","tag-voistlus"],"share_on_mastodon":{"url":"https:\/\/pubeurope.com\/@ee\/115638782025196599","error":""},"_links":{"self":[{"href":"https:\/\/www.europesays.com\/ee\/wp-json\/wp\/v2\/posts\/53810","targetHints":{"allow":["GET"]}}],"collection":[{"href":"https:\/\/www.europesays.com\/ee\/wp-json\/wp\/v2\/posts"}],"about":[{"href":"https:\/\/www.europesays.com\/ee\/wp-json\/wp\/v2\/types\/post"}],"author":[{"embeddable":true,"href":"https:\/\/www.europesays.com\/ee\/wp-json\/wp\/v2\/users\/2"}],"replies":[{"embeddable":true,"href":"https:\/\/www.europesays.com\/ee\/wp-json\/wp\/v2\/comments?post=53810"}],"version-history":[{"count":0,"href":"https:\/\/www.europesays.com\/ee\/wp-json\/wp\/v2\/posts\/53810\/revisions"}],"wp:featuredmedia":[{"embeddable":true,"href":"https:\/\/www.europesays.com\/ee\/wp-json\/wp\/v2\/media\/53811"}],"wp:attachment":[{"href":"https:\/\/www.europesays.com\/ee\/wp-json\/wp\/v2\/media?parent=53810"}],"wp:term":[{"taxonomy":"category","embeddable":true,"href":"https:\/\/www.europesays.com\/ee\/wp-json\/wp\/v2\/categories?post=53810"},{"taxonomy":"post_tag","embeddable":true,"href":"https:\/\/www.europesays.com\/ee\/wp-json\/wp\/v2\/tags?post=53810"}],"curies":[{"name":"wp","href":"https:\/\/api.w.org\/{rel}","templated":true}]}}