{"id":53956,"date":"2025-11-30T16:39:20","date_gmt":"2025-11-30T16:39:20","guid":{"rendered":"https:\/\/www.europesays.com\/ee\/53956\/"},"modified":"2025-11-30T16:39:20","modified_gmt":"2025-11-30T16:39:20","slug":"politico-usa-tahab-arutada-julgeolekutagatisi-alles-parast-rahulepingu-allkirjastamist-maailm-postimees-ee","status":"publish","type":"post","link":"https:\/\/www.europesays.com\/ee\/53956\/","title":{"rendered":"Politico: USA tahab arutada julgeolekutagatisi alles p\u00e4rast rahulepingu allkirjastamist &#8211; Maailm &#8211; Postimees.ee"},"content":{"rendered":"<ol>\n<li><a href=\"https:\/\/news.google.com\/rss\/articles\/CBMivwFBVV95cUxOQ2lZQ09HUjBuNHRicXZKMnFFZnltMHd4emo2YkhXV2JkTnIzYjdhVHhuUWE1QkFOb1A1Mjc0aE1uZVV4bE5jamlJUlhpaGRNaHFhMEs4cDZlOUFRdm9MQVd4aGM2U0toWndZSnpiTEhka2VsYUtHQTBaaklUUXRsQ2JZYkpFWWJ0c3NZemh6aklmQUV2QXJUNW1PdHFQeTMxSXQ5czZDUjJza0FlbXRkOVE1eEdMNVNKcU1FRFpqUQ?oc=5\" target=\"_blank\" rel=\"nofollow noopener\">Politico: USA tahab arutada julgeolekutagatisi alles p\u00e4rast rahulepingu allkirjastamist<\/a>&nbsp;&nbsp;Maailm &#8211; Postimees.ee<\/li>\n<li><a href=\"https:\/\/news.google.com\/rss\/articles\/CBMiVEFVX3lxTE9QX3BTT0ZPVHFFWnB5bmdGMlJsVUl5Nkx2QUVCMmtiMjJpRG84X0JsN0tfVTM5UVVWUWRpOVJETXpVbzNjMGlXMTBwZXJvOTlmMWVySA?oc=5\" target=\"_blank\" rel=\"nofollow noopener\">Naftalehane rahuplaan<\/a>&nbsp;&nbsp;sirp.ee<\/li>\n<li><a href=\"https:\/\/news.google.com\/rss\/articles\/CBMinAFBVV95cUxPYWRYQlExbkNJMmlTdVZheG01dWJvMXZUZHNadnI2SDFoMzZCM3RTMkdMMlR5bG1IQ092Njc1VEI4YzhpVHBPc1pWSXp6MXItcGFUVDJ0NVlDTncwWUF6UFNrcC1fd19nd1JOWERqT3k0ZkgtN1RYY2FZX01lVGc0blA5eVlIT1pXemxRYThvX3AtejVIa09FNEQySEM?oc=5\" target=\"_blank\" rel=\"nofollow noopener\">NYT: Euroopa Liit sai Trumpi Ukraina rahuplaanist teada meediast<\/a>&nbsp;&nbsp;Postimees<\/li>\n<li><a href=\"https:\/\/news.google.com\/rss\/articles\/CBMiqAFBVV95cUxNRkE4UXhObFNYRXlsRkJLbUVnWl9vNWVZV3JUT1lQR21ocFRza3UwUTNmaXVmajlfeHJ5ZHo5Q1FPVjVhY1NSdXpieE9NS1JnUV91aVBETnJXVE5CVHdWQVlOdVdYQWtJNW02cFk1bGNBU3lyWk82QmFJVnhaRlpBSFhGczVJMXpxYW9GRWJ5STczalBYZ0lBZFZHb1dIYzRiRFN1WkJueTY?oc=5\" target=\"_blank\" rel=\"nofollow noopener\">Telegraph: Trump on valmis tunnustama okupeeritud alasid Venemaa osana<\/a>&nbsp;&nbsp;Maailm &#8211; Postimees.ee<\/li>\n<li><a href=\"https:\/\/news.google.com\/rss\/articles\/CBMizgFBVV95cUxPMG5ycmtQellvODdjeXNyMHRnVnZSTWpJaElLZGMxMnFMdU9paFJvU0ZkNEJsNVRrTjNXd00xWjhmb2hoa09MTHVldmNyY0tIWkdjOFZxNFBPYnB6NXRwRGNGWG50MU0tTl9YUklIM0E2Q1VPZHVyRzh3aWZ2OWtwcjdXYUMyUzVONXdIXzhBZnYzbVEteXh2TTlCOEk5bThkXy1oMWgtR3kxWmdXMXY0RnRyeGJJYWZwN0FfZkRHUHd4dHZDZ3pRWmxFVEpFUQ?oc=5\" target=\"_blank\" rel=\"nofollow noopener\">OTSEBLOGI | Venemaa r\u00fcndas \u00f6\u00f6sel Kiievit droonide ja ballistiliste rakettidega, osa linnast on elektrita<\/a>&nbsp;&nbsp;\u00d5htuleht<\/li>\n<\/ol>\n","protected":false},"excerpt":{"rendered":"Politico: USA tahab arutada julgeolekutagatisi alles p\u00e4rast rahulepingu allkirjastamist&nbsp;&nbsp;Maailm &#8211; Postimees.ee Naftalehane rahuplaan&nbsp;&nbsp;sirp.ee NYT: Euroopa Liit sai Trumpi&hellip;\n","protected":false},"author":2,"featured_media":53957,"comment_status":"","ping_status":"","sticky":false,"template":"","format":"standard","meta":{"footnotes":"","_share_on_mastodon":"0"},"categories":[80],"tags":[587,26,27,37,33,35,34,36,31,32,21,28,29,95,1894,19,25,24170,23,24,262,22,20,30,92,93,94],"class_list":["post-53956","post","type-post","status-publish","format-standard","has-post-thumbnail","category-maailm","tag-ameerika-uhendriigid","tag-breaking-news","tag-breakingnews","tag-ee","tag-eesti","tag-eesti-keel","tag-estonia","tag-estonian","tag-featured-news","tag-featurednews","tag-headlines","tag-latest-news","tag-latestnews","tag-maailm","tag-marco-rubio","tag-news","tag-populaarseimad-lood","tag-rahuleping","tag-top-stories","tag-topstories","tag-ukraina","tag-uldised-uudised","tag-uudised","tag-viimased-uudised","tag-world","tag-world-news","tag-worldnews"],"share_on_mastodon":{"url":"https:\/\/pubeurope.com\/@ee\/115639639323033421","error":""},"_links":{"self":[{"href":"https:\/\/www.europesays.com\/ee\/wp-json\/wp\/v2\/posts\/53956","targetHints":{"allow":["GET"]}}],"collection":[{"href":"https:\/\/www.europesays.com\/ee\/wp-json\/wp\/v2\/posts"}],"about":[{"href":"https:\/\/www.europesays.com\/ee\/wp-json\/wp\/v2\/types\/post"}],"author":[{"embeddable":true,"href":"https:\/\/www.europesays.com\/ee\/wp-json\/wp\/v2\/users\/2"}],"replies":[{"embeddable":true,"href":"https:\/\/www.europesays.com\/ee\/wp-json\/wp\/v2\/comments?post=53956"}],"version-history":[{"count":0,"href":"https:\/\/www.europesays.com\/ee\/wp-json\/wp\/v2\/posts\/53956\/revisions"}],"wp:featuredmedia":[{"embeddable":true,"href":"https:\/\/www.europesays.com\/ee\/wp-json\/wp\/v2\/media\/53957"}],"wp:attachment":[{"href":"https:\/\/www.europesays.com\/ee\/wp-json\/wp\/v2\/media?parent=53956"}],"wp:term":[{"taxonomy":"category","embeddable":true,"href":"https:\/\/www.europesays.com\/ee\/wp-json\/wp\/v2\/categories?post=53956"},{"taxonomy":"post_tag","embeddable":true,"href":"https:\/\/www.europesays.com\/ee\/wp-json\/wp\/v2\/tags?post=53956"}],"curies":[{"name":"wp","href":"https:\/\/api.w.org\/{rel}","templated":true}]}}