{"id":54616,"date":"2025-12-01T14:34:08","date_gmt":"2025-12-01T14:34:08","guid":{"rendered":"https:\/\/www.europesays.com\/ee\/54616\/"},"modified":"2025-12-01T14:34:08","modified_gmt":"2025-12-01T14:34:08","slug":"ajateenistuse-keelenoue-professor-kaitsevagi-viibutas-nappu-kogu-meie-haridussusteemi-pihta","status":"publish","type":"post","link":"https:\/\/www.europesays.com\/ee\/54616\/","title":{"rendered":"AJATEENISTUSE KEELEN\u00d5UE | Professor: \u201eKaitsev\u00e4gi viibutas n\u00e4ppu kogu meie hariduss\u00fcsteemi pihta.\u201c"},"content":{"rendered":"<p>\u201eKaitsev\u00e4gi viibutas tugevalt n\u00e4ppu kogu meie hariduss\u00fcsteemi pihta,\u201c \u00fctles keeleprofessor ja keelen\u00f5ukogu esimees Birute Klaas-Lang. Tema s\u00f5nul t\u00f5i see p\u00e4evavalgele aastatepikkuse probleemi, sest et tegelikult peaks ju iga kooli l\u00f5petanud noor inimene oskama eesti keelt.<\/p>\n<p>Ta r\u00f5hutas, et eestikeelne \u00f5pe g\u00fcmnaasiumites ja kutsekoolides on kehtinud aastaid, kuid praktikas pole tulemus piisav. \u201eOn nagu on,\u201c nentis ta Vikerraadio saates <a href=\"https:\/\/vikerraadio.err.ee\/1609863451\/uudis-lauri-varik\/0d5b86471d7b074932f05e4210eae4d0\" title=\"\" target=\"_blank\" rel=\"noopener nofollow\">\u201eUudis+\u201c<\/a>. Klaas-Lang t\u00f5i n\u00e4iteks tudengid, kes on g\u00fcmnaasiumi l\u00f5petanud, saanud eesti keele teise keelena riigieksamil 95 punkti, kuid tunnistavad \u00fclikooli j\u00f5udes: \u201eMe ei oska eesti keelt!\u201c<\/p>\n<p>Kaitsev\u00e4gi on aastaid olnud oluline l\u00f5imumise koht. Klaas-Lang nentis, et saab ka kaitsev\u00e4e muredest aru \u2013 v\u00e4lja\u00f5pe kannatab, kui noor ei m\u00f5ista k\u00e4ske. Samas leiab ta, et nendele noortele, kes tahavad tulla, v\u00f5iks kaitsev\u00e4e uks ikkagi lahti olla ka sel juhul, kui eesti keele oskuse tase ei ole nii hea. Praegune s\u00f5num k\u00f5lab tema hinnangul aga nii: \u201eEga meil pole teid vaja kah, istuge seal oma Ida-Virumaal v\u00f5i Lasnam\u00e4el.\u201c<\/p>\n<p>\u201eV\u00f5iks ju pakkuda enne kaitsev\u00e4kke v\u00f5tmist nendele noortele kahen\u00e4dalasi intensiivkursuseid. K\u00fcllap selle mudeli v\u00e4ljam\u00f5tlemine ei peaks olema nii raske,\u201c arvas Klaas-Lang. Rahalist kulu \u2013 umbes 50 000 eurot \u2013 ei pea ta p\u00f5hjuseks, miks keele\u00f5ppest loobuda.<\/p>\n<p>Klaas-Lang t\u00f5des, et probleem pole uus ja lahendus ei tule kiiresti: \u201eElevant on toas v\u00f5i \u00fctleme, et keiser on alasti. See B1-tase on k\u00f5ige madalam suhtlusl\u00e4vend \u2013 ega sellest ka tegelikult ei j\u00e4tku. Isegi 2025. aastal vajavad noored j\u00e4releaitamist.\u201c<\/p>\n<p>Suur probleem on tema s\u00f5nul keelekeskkonna puudumine: \u201eKui \u00f5pilasena ta kuuleb ainult oma \u00f5petaja eesti keelt ja tal puudub noorte suhtlusringkond, kellega eesti keeles r\u00e4\u00e4kida, siis seda tulemust annab veel oodata.\u201c<\/p>\n<p>Eriti kriitiline on olukord Ida-Virumaal, kus eakaaslastega eestikeelne suhtlus praktiliselt puudub. Kui nad seda kaitsev\u00e4est ei saa, kust nad siis B1-taseme v\u00f5tavad? Klaas-Lang vastas: \u201eEga nad ei saagi sel juhul.\u201c<\/p>\n<p>Ta viitas ka varasematele uuringutele, mille j\u00e4rgi vajab Eestis lisa\u00f5pet ligi 200 000 t\u00e4iskasvanut, kes on kooli j\u00e4rel keeleoskuse kaotanud, sest t\u00f6\u00f6 ja elu ei n\u00f5ua eesti keelt.<\/p>\n","protected":false},"excerpt":{"rendered":"\u201eKaitsev\u00e4gi viibutas tugevalt n\u00e4ppu kogu meie hariduss\u00fcsteemi pihta,\u201c \u00fctles keeleprofessor ja keelen\u00f5ukogu esimees Birute Klaas-Lang. Tema s\u00f5nul t\u00f5i&hellip;\n","protected":false},"author":2,"featured_media":54617,"comment_status":"","ping_status":"","sticky":false,"template":"","format":"standard","meta":{"footnotes":""},"categories":[5],"tags":[26,27,37,33,35,34,36,31,32,21,28,29,19,25,23,24,22,20,30],"class_list":{"0":"post-54616","1":"post","2":"type-post","3":"status-publish","4":"format-standard","5":"has-post-thumbnail","7":"category-uldised-uudised","8":"tag-breaking-news","9":"tag-breakingnews","10":"tag-ee","11":"tag-eesti","12":"tag-eesti-keel","13":"tag-estonia","14":"tag-estonian","15":"tag-featured-news","16":"tag-featurednews","17":"tag-headlines","18":"tag-latest-news","19":"tag-latestnews","20":"tag-news","21":"tag-populaarseimad-lood","22":"tag-top-stories","23":"tag-topstories","24":"tag-uldised-uudised","25":"tag-uudised","26":"tag-viimased-uudised"},"share_on_mastodon":{"url":"https:\/\/pubeurope.com\/@ee\/115644810103039727","error":""},"_links":{"self":[{"href":"https:\/\/www.europesays.com\/ee\/wp-json\/wp\/v2\/posts\/54616","targetHints":{"allow":["GET"]}}],"collection":[{"href":"https:\/\/www.europesays.com\/ee\/wp-json\/wp\/v2\/posts"}],"about":[{"href":"https:\/\/www.europesays.com\/ee\/wp-json\/wp\/v2\/types\/post"}],"author":[{"embeddable":true,"href":"https:\/\/www.europesays.com\/ee\/wp-json\/wp\/v2\/users\/2"}],"replies":[{"embeddable":true,"href":"https:\/\/www.europesays.com\/ee\/wp-json\/wp\/v2\/comments?post=54616"}],"version-history":[{"count":0,"href":"https:\/\/www.europesays.com\/ee\/wp-json\/wp\/v2\/posts\/54616\/revisions"}],"wp:featuredmedia":[{"embeddable":true,"href":"https:\/\/www.europesays.com\/ee\/wp-json\/wp\/v2\/media\/54617"}],"wp:attachment":[{"href":"https:\/\/www.europesays.com\/ee\/wp-json\/wp\/v2\/media?parent=54616"}],"wp:term":[{"taxonomy":"category","embeddable":true,"href":"https:\/\/www.europesays.com\/ee\/wp-json\/wp\/v2\/categories?post=54616"},{"taxonomy":"post_tag","embeddable":true,"href":"https:\/\/www.europesays.com\/ee\/wp-json\/wp\/v2\/tags?post=54616"}],"curies":[{"name":"wp","href":"https:\/\/api.w.org\/{rel}","templated":true}]}}