{"id":54833,"date":"2025-12-01T19:42:40","date_gmt":"2025-12-01T19:42:40","guid":{"rendered":"https:\/\/www.europesays.com\/ee\/54833\/"},"modified":"2025-12-01T19:42:40","modified_gmt":"2025-12-01T19:42:40","slug":"galerii-%e2%9f%a9-kas-leiad-mone-tuttava-vaata-kes-kulastasid-nadalavahetusel-tallinna-jouluturgu","status":"publish","type":"post","link":"https:\/\/www.europesays.com\/ee\/54833\/","title":{"rendered":"GALERII \u27e9 Kas leiad m\u00f5ne tuttava? Vaata, kes k\u00fclastasid n\u00e4dalavahetusel Tallinna j\u00f5uluturgu"},"content":{"rendered":"<p>T\u00e4navu t\u00e4histab j\u00f5uluturg 25. tegevusaastat.<\/p>\n<p>Tallinna vanalinna j\u00f5uluturul on imekaunis fotomaja, kus sisekujundusbr\u00e4ndi ShiShi ehete taustal on k\u00f5igil soovijatel v\u00f5imalus kaamera ees poseerida.<\/p>\n<p>Raekoja platsi j\u00f5uluturu keskmes troonib seekord ligi 14-meetrine j\u00f5ulupuu, mis saabus pealinna Kohilast. Selle \u00fcmber koondunud tuledes\u00e4ras majakestes pakutakse, nagu ikka, ehtsaid maitseid ja s\u00fcdamega tehtud kingitusi.<\/p>\n<p>T\u00e4navu on eriline r\u00f5hk kohalike disainerite ja k\u00e4sit\u00f6\u00f6liste loomingul.<\/p>\n<p>J\u00f5uluturg on avatud iga p\u00e4ev kell 10\u201320, sooja jooki saab juua kuni kella 22ni, reedeti ja laup\u00e4eviti kuni kella 23ni.<\/p>\n","protected":false},"excerpt":{"rendered":"T\u00e4navu t\u00e4histab j\u00f5uluturg 25. tegevusaastat. Tallinna vanalinna j\u00f5uluturul on imekaunis fotomaja, kus sisekujundusbr\u00e4ndi ShiShi ehete taustal on k\u00f5igil&hellip;\n","protected":false},"author":2,"featured_media":54834,"comment_status":"","ping_status":"","sticky":false,"template":"","format":"standard","meta":{"footnotes":"","_share_on_mastodon":"0"},"categories":[12],"tags":[26,27,24219,37,33,35,34,36,31,32,27887,21,4705,23786,16983,14691,14487,28,29,19,25,20783,20407,23,24,22,20,30],"class_list":["post-54833","post","type-post","status-publish","format-standard","has-post-thumbnail","category-eesti","tag-breaking-news","tag-breakingnews","tag-disainer","tag-ee","tag-eesti","tag-eesti-keel","tag-estonia","tag-estonian","tag-featured-news","tag-featurednews","tag-fotomaja","tag-headlines","tag-joulupuu","tag-jouluturg","tag-juubel","tag-kasitoo","tag-kohila","tag-latest-news","tag-latestnews","tag-news","tag-populaarseimad-lood","tag-raekoja-plats","tag-tallinna","tag-top-stories","tag-topstories","tag-uldised-uudised","tag-uudised","tag-viimased-uudised"],"share_on_mastodon":{"url":"https:\/\/pubeurope.com\/@ee\/115646021184667159","error":""},"_links":{"self":[{"href":"https:\/\/www.europesays.com\/ee\/wp-json\/wp\/v2\/posts\/54833","targetHints":{"allow":["GET"]}}],"collection":[{"href":"https:\/\/www.europesays.com\/ee\/wp-json\/wp\/v2\/posts"}],"about":[{"href":"https:\/\/www.europesays.com\/ee\/wp-json\/wp\/v2\/types\/post"}],"author":[{"embeddable":true,"href":"https:\/\/www.europesays.com\/ee\/wp-json\/wp\/v2\/users\/2"}],"replies":[{"embeddable":true,"href":"https:\/\/www.europesays.com\/ee\/wp-json\/wp\/v2\/comments?post=54833"}],"version-history":[{"count":0,"href":"https:\/\/www.europesays.com\/ee\/wp-json\/wp\/v2\/posts\/54833\/revisions"}],"wp:featuredmedia":[{"embeddable":true,"href":"https:\/\/www.europesays.com\/ee\/wp-json\/wp\/v2\/media\/54834"}],"wp:attachment":[{"href":"https:\/\/www.europesays.com\/ee\/wp-json\/wp\/v2\/media?parent=54833"}],"wp:term":[{"taxonomy":"category","embeddable":true,"href":"https:\/\/www.europesays.com\/ee\/wp-json\/wp\/v2\/categories?post=54833"},{"taxonomy":"post_tag","embeddable":true,"href":"https:\/\/www.europesays.com\/ee\/wp-json\/wp\/v2\/tags?post=54833"}],"curies":[{"name":"wp","href":"https:\/\/api.w.org\/{rel}","templated":true}]}}