{"id":55033,"date":"2025-12-02T06:54:12","date_gmt":"2025-12-02T06:54:12","guid":{"rendered":"https:\/\/www.europesays.com\/ee\/55033\/"},"modified":"2025-12-02T06:54:12","modified_gmt":"2025-12-02T06:54:12","slug":"ukraina-lukkab-umber-putini-vaited-pokrovski-ja-vovtsanski-vallutamisest","status":"publish","type":"post","link":"https:\/\/www.europesays.com\/ee\/55033\/","title":{"rendered":"Ukraina l\u00fckkab \u00fcmber Putini v\u00e4ited Pokrovski ja Vovt\u0161anski vallutamisest"},"content":{"rendered":"<p>Vene re\u017eiimi uudisteagentuur TASS vahendas eile, kuidas Putin k\u00e4is Vene maav\u00e4e juhtimiskeskuses. Vene v\u00e4gede peastaabi \u00fclem Valeri Gerassimov andis Putinile \u00fclevaate v\u00e4idetavalt n-\u00f6 \u00abvabastatud\u00bb Krasnoarmiiskist (Vene nimi Pokrovskile &#8211; toim.) Donetski oblastis ja Vovt\u0161anskist Harkivi oblastis ning Zapori\u017e\u017eja oblastis asuva Huljaipole \u00abvabastamiseks\u00bb algatatud operatsioonist.<\/p>\n<p>Propagandavideos on n\u00e4idatud, kuidas v\u00e4idetavalt Vene s\u00f5durid hoiavad Pokrovski kesklinnas k\u00e4es Vene lippe.<\/p>\n","protected":false},"excerpt":{"rendered":"Vene re\u017eiimi uudisteagentuur TASS vahendas eile, kuidas Putin k\u00e4is Vene maav\u00e4e juhtimiskeskuses. Vene v\u00e4gede peastaabi \u00fclem Valeri Gerassimov&hellip;\n","protected":false},"author":2,"featured_media":55034,"comment_status":"","ping_status":"","sticky":false,"template":"","format":"standard","meta":{"footnotes":""},"categories":[80],"tags":[28004,26,27,10736,5006,3912,37,33,35,34,36,31,32,10735,21,23666,893,28,29,95,19,5935,25,23,24,22,20,5300,96,30,661,28003,92,93,94,8350],"class_list":{"0":"post-55033","1":"post","2":"type-post","3":"status-publish","4":"format-standard","5":"has-post-thumbnail","7":"category-maailm","8":"tag-andrii-kovalenko","9":"tag-breaking-news","10":"tag-breakingnews","11":"tag-dnipropetrovski-oblast","12":"tag-donbass","13":"tag-donetski-oblast","14":"tag-ee","15":"tag-eesti","16":"tag-eesti-keel","17":"tag-estonia","18":"tag-estonian","19":"tag-featured-news","20":"tag-featurednews","21":"tag-harkivi-oblast","22":"tag-headlines","23":"tag-huljaipole","24":"tag-kupjansk","25":"tag-latest-news","26":"tag-latestnews","27":"tag-maailm","28":"tag-news","29":"tag-pokrovsk","30":"tag-populaarseimad-lood","31":"tag-top-stories","32":"tag-topstories","33":"tag-uldised-uudised","34":"tag-uudised","35":"tag-valeri-gerassimov","36":"tag-venemaa","37":"tag-viimased-uudised","38":"tag-vladimir-putin","39":"tag-vovtsansk","40":"tag-world","41":"tag-world-news","42":"tag-worldnews","43":"tag-zaporizzja-oblast"},"share_on_mastodon":{"url":"","error":"Validation failed: Text character limit of 500 exceeded"},"_links":{"self":[{"href":"https:\/\/www.europesays.com\/ee\/wp-json\/wp\/v2\/posts\/55033","targetHints":{"allow":["GET"]}}],"collection":[{"href":"https:\/\/www.europesays.com\/ee\/wp-json\/wp\/v2\/posts"}],"about":[{"href":"https:\/\/www.europesays.com\/ee\/wp-json\/wp\/v2\/types\/post"}],"author":[{"embeddable":true,"href":"https:\/\/www.europesays.com\/ee\/wp-json\/wp\/v2\/users\/2"}],"replies":[{"embeddable":true,"href":"https:\/\/www.europesays.com\/ee\/wp-json\/wp\/v2\/comments?post=55033"}],"version-history":[{"count":0,"href":"https:\/\/www.europesays.com\/ee\/wp-json\/wp\/v2\/posts\/55033\/revisions"}],"wp:featuredmedia":[{"embeddable":true,"href":"https:\/\/www.europesays.com\/ee\/wp-json\/wp\/v2\/media\/55034"}],"wp:attachment":[{"href":"https:\/\/www.europesays.com\/ee\/wp-json\/wp\/v2\/media?parent=55033"}],"wp:term":[{"taxonomy":"category","embeddable":true,"href":"https:\/\/www.europesays.com\/ee\/wp-json\/wp\/v2\/categories?post=55033"},{"taxonomy":"post_tag","embeddable":true,"href":"https:\/\/www.europesays.com\/ee\/wp-json\/wp\/v2\/tags?post=55033"}],"curies":[{"name":"wp","href":"https:\/\/api.w.org\/{rel}","templated":true}]}}