{"id":55054,"date":"2025-12-02T07:39:07","date_gmt":"2025-12-02T07:39:07","guid":{"rendered":"https:\/\/www.europesays.com\/ee\/55054\/"},"modified":"2025-12-02T07:39:07","modified_gmt":"2025-12-02T07:39:07","slug":"eisa-juhatuse-staazikaim-liige-sigrid-harjo-lahkub-ametist-eesti","status":"publish","type":"post","link":"https:\/\/www.europesays.com\/ee\/55054\/","title":{"rendered":"EISA juhatuse staa\u017eikaim liige Sigrid Harjo lahkub ametist | Eesti"},"content":{"rendered":"<p>T\u00e4navu umbes 40 inimest koondanud ja toetusrahade jagamisel suuri \u00fcmberkorraldusi tegeva ettev\u00f5tluse ja innovatsiooni sihtasutuse (EISA) juhtkonna k\u00f5ige pikaajalisem liige, 25 aastat ametis olnud Sigrid Harjo lahkub jaanuaris ametist.<\/p>\n<p>&#8220;Tema viimane t\u00f6\u00f6p\u00e4ev on t\u00f5esti 11. jaanuar,&#8221; kinnitas <a href=\"https:\/\/www.postimees.ee\/8371405\/riigi-rahapaja-eisa-juhatuse-staazikaim-liige-lahkub-ootamatult-ametist\" target=\"_blank\" rel=\"noopener nofollow\">Postimehele<\/a> EISA juhatuse esimees Ursel Velve, lisades, et Harjost loobumine polnud tema otsus, ent p\u00e4rast arutelu temaga ja m\u00f5ningast m\u00f5tlemisaega otsustas staa\u017eikas juht siiski lahkuda.<\/p>\n<p>&#8220;Ma ise otsustasin, et soovin edasi liikuda ja et praegu on \u00f5ige aeg selleks,&#8221; kinnitas Postimehele Harjo ise, kes enne ettev\u00f5tluse arendamise sihtasutuse ja Kredexi liitumist \u00fchendasutuseks t\u00f6\u00f6tas esimese juhtkonnas.<\/p>\n<p>Harjo kinnitusel ei maksa intriigi tema lahkumisest otsida ja\u00a0 see polevat seotud ka praegu EISA-s toimuvate suurte \u00fcmberkorraldustega.<\/p>\n<p>Harjo hakkab juhtima Tartu \u00dclikooli uusettev\u00f5tluse valdkonda.<\/p>\n","protected":false},"excerpt":{"rendered":"T\u00e4navu umbes 40 inimest koondanud ja toetusrahade jagamisel suuri \u00fcmberkorraldusi tegeva ettev\u00f5tluse ja innovatsiooni sihtasutuse (EISA) juhtkonna k\u00f5ige&hellip;\n","protected":false},"author":2,"featured_media":55055,"comment_status":"","ping_status":"","sticky":false,"template":"","format":"standard","meta":{"footnotes":"","_share_on_mastodon":"0"},"categories":[12],"tags":[26,27,37,33,35,2987,34,36,31,32,21,28,29,19,25,9440,2424,23,24,22,27873,20,30],"class_list":["post-55054","post","type-post","status-publish","format-standard","has-post-thumbnail","category-eesti","tag-breaking-news","tag-breakingnews","tag-ee","tag-eesti","tag-eesti-keel","tag-eisa","tag-estonia","tag-estonian","tag-featured-news","tag-featurednews","tag-headlines","tag-latest-news","tag-latestnews","tag-news","tag-populaarseimad-lood","tag-sigrid-harjo","tag-tartu-ulikool","tag-top-stories","tag-topstories","tag-uldised-uudised","tag-ursel-velve","tag-uudised","tag-viimased-uudised"],"share_on_mastodon":{"url":"https:\/\/pubeurope.com\/@ee\/115648840489920140","error":""},"_links":{"self":[{"href":"https:\/\/www.europesays.com\/ee\/wp-json\/wp\/v2\/posts\/55054","targetHints":{"allow":["GET"]}}],"collection":[{"href":"https:\/\/www.europesays.com\/ee\/wp-json\/wp\/v2\/posts"}],"about":[{"href":"https:\/\/www.europesays.com\/ee\/wp-json\/wp\/v2\/types\/post"}],"author":[{"embeddable":true,"href":"https:\/\/www.europesays.com\/ee\/wp-json\/wp\/v2\/users\/2"}],"replies":[{"embeddable":true,"href":"https:\/\/www.europesays.com\/ee\/wp-json\/wp\/v2\/comments?post=55054"}],"version-history":[{"count":0,"href":"https:\/\/www.europesays.com\/ee\/wp-json\/wp\/v2\/posts\/55054\/revisions"}],"wp:featuredmedia":[{"embeddable":true,"href":"https:\/\/www.europesays.com\/ee\/wp-json\/wp\/v2\/media\/55055"}],"wp:attachment":[{"href":"https:\/\/www.europesays.com\/ee\/wp-json\/wp\/v2\/media?parent=55054"}],"wp:term":[{"taxonomy":"category","embeddable":true,"href":"https:\/\/www.europesays.com\/ee\/wp-json\/wp\/v2\/categories?post=55054"},{"taxonomy":"post_tag","embeddable":true,"href":"https:\/\/www.europesays.com\/ee\/wp-json\/wp\/v2\/tags?post=55054"}],"curies":[{"name":"wp","href":"https:\/\/api.w.org\/{rel}","templated":true}]}}