{"id":55076,"date":"2025-12-02T08:11:08","date_gmt":"2025-12-02T08:11:08","guid":{"rendered":"https:\/\/www.europesays.com\/ee\/55076\/"},"modified":"2025-12-02T08:11:08","modified_gmt":"2025-12-02T08:11:08","slug":"turgi-teatas-venemaalt-gruusiasse-soitnud-tankeri-rundamisest-mustal-merel","status":"publish","type":"post","link":"https:\/\/www.europesays.com\/ee\/55076\/","title":{"rendered":"T\u00fcrgi teatas Venemaalt Gruusiasse s\u00f5itnud tankeri r\u00fcndamisest Mustal merel"},"content":{"rendered":"<p>Laeva pardal viibis sel hetkel 13 meeskonnaliiget, kes teatasid, et kannatada ei saanud ja abi ei vaja, vahendab Meduza.<\/p>\n<p>Teates \u00f6eldakse, et laev liigub t\u00f6\u00f6tavate mootoritega T\u00fcrgi Sinopi sadama suunas.<\/p>\n<p>Millal tankerit r\u00fcnnati, et t\u00e4psustatud.<\/p>\n<p>Portaali VesselFinder andmetel on tanker Midvolga 2 ehitatud 2014. aastal ja see on Venemaa lipu all. TASS teatas, et selle omanik on Srednevol\u017eskaja Sudohodnaja Kompanija.<\/p>\n<p>28. novembril r\u00fcndasid meredroonid pea \u00fcheaegselt <a rel=\"noopener nofollow\" target=\"_blank\" href=\"https:\/\/www.delfi.ee\/teema\/56942610\/gambia\" tag-id=\"56942610\">Gambia<\/a> lipu all olevaid tankereid Kairos ja Virat. Kairos asus r\u00fcnnaku hetkel 28 meremiili kaugusel T\u00fcrgi rannikust ja Virat 38 meremiili kaugusel T\u00fcrgi rannikust. J\u00e4rgmisel p\u00e4eval teatasid mitu <a rel=\"noopener nofollow\" target=\"_blank\" href=\"https:\/\/www.delfi.ee\/teema\/25048531\/ukraina\" tag-id=\"25048531\">Ukraina<\/a> meediakanalit Ukraina julgeolekuteenistuse (<a rel=\"noopener nofollow\" target=\"_blank\" href=\"https:\/\/www.delfi.ee\/teema\/68140647\/sbu\" tag-id=\"68140647\">SBU<\/a>) allikale viidates, et see oli SBU erioperatsioon, viis viidi l\u00e4bi moderniseeritud droonide abil. SBU allika s\u00f5nul v\u00f5isid tankerid vedada ligi 70 miljoni dollari v\u00e4\u00e4rtuses naftat ja aitasid <a rel=\"noopener nofollow\" target=\"_blank\" href=\"https:\/\/www.delfi.ee\/teema\/24680929\/kreml\" tag-id=\"24680929\">Kremlil<\/a> sanktsioonidest k\u00f5rvale hoida.<\/p>\n<p>Kremli pressiesindaja <a rel=\"noopener nofollow\" target=\"_blank\" href=\"https:\/\/www.delfi.ee\/teema\/59186134\/dmitri-peskov\" tag-id=\"59186134\">Dmitri Peskov<\/a> nimetas r\u00fcnnakut \u201ekarjuvaks juhtumiks\u201c.<\/p>\n<p>\u201eSee on kallaletung T\u00fcrgi Vabariigi suver\u00e4\u00e4nsusele. See on kallaletung nende laevade omanike julgeolekule ja varale,\u201c kuulutas Peskov.<\/p>\n<p>T\u00fcrgi teatas, et tankerite r\u00fcndamine tekitas t\u00f5sise ohu meres\u00f5idule, elule, varale ja keskkonnajulgeolekule piirkonnas.<\/p>\n<p>    Kuidas see lugu Sind end tundma pani?<br \/>\n        Saada<br \/>\n           <a href=\"https:\/\/www.delfi.ee\/artikkel\/120420915\/turgi-teatas-venemaalt-gruusiasse-soitnud-tankeri-rundamisest-mustal-merel\/kommentaarid\" class=\"article-body-bottom__comment article-body-bottom__comment--write button button--primary button--size-auto\" rel=\"nofollow noopener\" target=\"_blank\"><br \/>\n        Kommenteeri<br \/>\n       <\/a> <a href=\"https:\/\/www.delfi.ee\/artikkel\/120420915\/turgi-teatas-venemaalt-gruusiasse-soitnud-tankeri-rundamisest-mustal-merel\/kommentaarid\" class=\"article-body-bottom__comment article-body-bottom__comment--read button button--size-auto\" rel=\"nofollow noopener\" target=\"_blank\"><br \/>\n        Loe kommentaare  <\/a>  <\/p>\n","protected":false},"excerpt":{"rendered":"Laeva pardal viibis sel hetkel 13 meeskonnaliiget, kes teatasid, et kannatada ei saanud ja abi ei vaja, vahendab&hellip;\n","protected":false},"author":2,"featured_media":55077,"comment_status":"","ping_status":"","sticky":false,"template":"","format":"standard","meta":{"footnotes":"","_share_on_mastodon":"0"},"categories":[80],"tags":[26,27,944,37,33,35,34,36,31,32,11517,1946,21,103,28,29,95,13454,19,25,7551,107,23,24,329,262,22,20,96,30,92,93,94],"class_list":["post-55076","post","type-post","status-publish","format-standard","has-post-thumbnail","category-maailm","tag-breaking-news","tag-breakingnews","tag-dmitri-peskov","tag-ee","tag-eesti","tag-eesti-keel","tag-estonia","tag-estonian","tag-featured-news","tag-featurednews","tag-gambia","tag-gruusia","tag-headlines","tag-kreml","tag-latest-news","tag-latestnews","tag-maailm","tag-must-meri","tag-news","tag-populaarseimad-lood","tag-sbu","tag-soda-ukrainas","tag-top-stories","tag-topstories","tag-turgi","tag-ukraina","tag-uldised-uudised","tag-uudised","tag-venemaa","tag-viimased-uudised","tag-world","tag-world-news","tag-worldnews"],"share_on_mastodon":{"url":"https:\/\/pubeurope.com\/@ee\/115648966375497904","error":""},"_links":{"self":[{"href":"https:\/\/www.europesays.com\/ee\/wp-json\/wp\/v2\/posts\/55076","targetHints":{"allow":["GET"]}}],"collection":[{"href":"https:\/\/www.europesays.com\/ee\/wp-json\/wp\/v2\/posts"}],"about":[{"href":"https:\/\/www.europesays.com\/ee\/wp-json\/wp\/v2\/types\/post"}],"author":[{"embeddable":true,"href":"https:\/\/www.europesays.com\/ee\/wp-json\/wp\/v2\/users\/2"}],"replies":[{"embeddable":true,"href":"https:\/\/www.europesays.com\/ee\/wp-json\/wp\/v2\/comments?post=55076"}],"version-history":[{"count":0,"href":"https:\/\/www.europesays.com\/ee\/wp-json\/wp\/v2\/posts\/55076\/revisions"}],"wp:featuredmedia":[{"embeddable":true,"href":"https:\/\/www.europesays.com\/ee\/wp-json\/wp\/v2\/media\/55077"}],"wp:attachment":[{"href":"https:\/\/www.europesays.com\/ee\/wp-json\/wp\/v2\/media?parent=55076"}],"wp:term":[{"taxonomy":"category","embeddable":true,"href":"https:\/\/www.europesays.com\/ee\/wp-json\/wp\/v2\/categories?post=55076"},{"taxonomy":"post_tag","embeddable":true,"href":"https:\/\/www.europesays.com\/ee\/wp-json\/wp\/v2\/tags?post=55076"}],"curies":[{"name":"wp","href":"https:\/\/api.w.org\/{rel}","templated":true}]}}