{"id":55216,"date":"2025-12-02T10:44:07","date_gmt":"2025-12-02T10:44:07","guid":{"rendered":"https:\/\/www.europesays.com\/ee\/55216\/"},"modified":"2025-12-02T10:44:07","modified_gmt":"2025-12-02T10:44:07","slug":"nad-tegid-seda-jalle-hiinlaste-imefirma-deepseek-tutvustas-uusi-ai-mudeleid","status":"publish","type":"post","link":"https:\/\/www.europesays.com\/ee\/55216\/","title":{"rendered":"Nad tegid seda j\u00e4lle. Hiinlaste imefirma DeepSeek tutvustas uusi AI-mudeleid"},"content":{"rendered":"<p>Hangzhous baseeruv ettev\u00f5te t\u00f5i turule mudeli DeepSeek V3.2, mis on m\u00f5eldud igap\u00e4evaseks abiliseks, ning selle v\u00f5imsama eriversiooni DeepSeek V3.2 Speciale, mis on optimeeritud keerukate matemaatiliste ja programmeerimis\u00fclesannete lahendamiseks.<\/p>\n<p class=\"ng-star-inserted\">Erinevalt l\u00e4\u00e4ne konkurentidest (OpenAI, Google, xAI, Anthropic), kes hoiavad oma tippmudeleid suletuna, tegi DeepSeek m\u00f5lemad mudelid k\u00e4ttesaadavaks avatud l\u00e4htekoodiga (MIT litsentsi alusel). See t\u00e4hendab, et arendajad \u00fcle maailma saavad neid tasuta alla laadida, kasutada ja edasi arendada.<\/p>\n<p>Oled juba tellija?  Logi sisse <\/p>\n<p>       <a href=\"https:\/\/arileht.delfi.ee\/artikkel\/120420921\/nad-tegid-seda-jalle-hiinlaste-imefirma-deepseek-tutvustas-uusi-ai-mudeleid\/kommentaarid\" class=\"article-body-bottom__comment article-body-bottom__comment--write button button--primary button--size-auto\" rel=\"nofollow noopener\" target=\"_blank\"><br \/>\n        Kommenteeri<br \/>\n       <\/a> <a href=\"https:\/\/arileht.delfi.ee\/artikkel\/120420921\/nad-tegid-seda-jalle-hiinlaste-imefirma-deepseek-tutvustas-uusi-ai-mudeleid\/kommentaarid\" class=\"article-body-bottom__comment article-body-bottom__comment--read button button--size-auto\" rel=\"nofollow noopener\" target=\"_blank\"><br \/>\n        Loe kommentaare (6) <\/a>  <\/p>\n","protected":false},"excerpt":{"rendered":"Hangzhous baseeruv ettev\u00f5te t\u00f5i turule mudeli DeepSeek V3.2, mis on m\u00f5eldud igap\u00e4evaseks abiliseks, ning selle v\u00f5imsama eriversiooni DeepSeek&hellip;\n","protected":false},"author":2,"featured_media":55217,"comment_status":"","ping_status":"","sticky":false,"template":"","format":"standard","meta":{"footnotes":"","_share_on_mastodon":"0"},"categories":[14],"tags":[131,130,24989,37,33,35,34,36],"class_list":["post-55216","post","type-post","status-publish","format-standard","has-post-thumbnail","category-ari","tag-ari","tag-business","tag-deepseek","tag-ee","tag-eesti","tag-eesti-keel","tag-estonia","tag-estonian"],"share_on_mastodon":{"url":"https:\/\/pubeurope.com\/@ee\/115649568079519976","error":""},"_links":{"self":[{"href":"https:\/\/www.europesays.com\/ee\/wp-json\/wp\/v2\/posts\/55216","targetHints":{"allow":["GET"]}}],"collection":[{"href":"https:\/\/www.europesays.com\/ee\/wp-json\/wp\/v2\/posts"}],"about":[{"href":"https:\/\/www.europesays.com\/ee\/wp-json\/wp\/v2\/types\/post"}],"author":[{"embeddable":true,"href":"https:\/\/www.europesays.com\/ee\/wp-json\/wp\/v2\/users\/2"}],"replies":[{"embeddable":true,"href":"https:\/\/www.europesays.com\/ee\/wp-json\/wp\/v2\/comments?post=55216"}],"version-history":[{"count":0,"href":"https:\/\/www.europesays.com\/ee\/wp-json\/wp\/v2\/posts\/55216\/revisions"}],"wp:featuredmedia":[{"embeddable":true,"href":"https:\/\/www.europesays.com\/ee\/wp-json\/wp\/v2\/media\/55217"}],"wp:attachment":[{"href":"https:\/\/www.europesays.com\/ee\/wp-json\/wp\/v2\/media?parent=55216"}],"wp:term":[{"taxonomy":"category","embeddable":true,"href":"https:\/\/www.europesays.com\/ee\/wp-json\/wp\/v2\/categories?post=55216"},{"taxonomy":"post_tag","embeddable":true,"href":"https:\/\/www.europesays.com\/ee\/wp-json\/wp\/v2\/tags?post=55216"}],"curies":[{"name":"wp","href":"https:\/\/api.w.org\/{rel}","templated":true}]}}