{"id":55520,"date":"2025-12-02T18:50:08","date_gmt":"2025-12-02T18:50:08","guid":{"rendered":"https:\/\/www.europesays.com\/ee\/55520\/"},"modified":"2025-12-02T18:50:08","modified_gmt":"2025-12-02T18:50:08","slug":"trump-andis-armu-narkokuritegude-eest-45-aastaks-vangi-moistetud-endisele-hondurase-presidendile","status":"publish","type":"post","link":"https:\/\/www.europesays.com\/ee\/55520\/","title":{"rendered":"Trump andis armu narkokuritegude eest 45 aastaks vangi m\u00f5istetud endisele Hondurase presidendile"},"content":{"rendered":"<p>\u201eP\u00e4rast peaaegu nelja aastat valu, ootamist ja raskeid katsumusi naasis mu abikaasa Juan Orlando Hern\u00e1ndez vaba mehena t\u00e4nu president Donald Trumpi armuandmisele,\u201c kirjutas endine Hondurase esileedi Ana Garc\u00eda de Hern\u00e1ndez teisip\u00e4eva varahommikul X-is.<\/p>\n<p class=\"p1\">Kohus m\u00f5istus Hern\u00e1ndezele 2024. aasta juulis 45-aastase vanglakaristuse. Ta m\u00f5isteti s\u00fc\u00fcdi \u00fcle k\u00fcmneaastases koost\u00f6\u00f6s narkokaubitsejatega, kes toimetasid USA-sse tohutus koguses kokaiini.<\/p>\n<p class=\"p1\">USA justiitsministeerium on teda varem nimetanud \u00fche maailma suurima ja v\u00e4givaldseima narkokaubandusvanden\u00f5u korraldajaks.<\/p>\n<p>Oled juba tellija?  Logi sisse <\/p>\n<p>       <a href=\"https:\/\/www.delfi.ee\/artikkel\/120421107\/trump-andis-armu-narkokuritegude-eest-45-aastaks-vangi-moistetud-hondurase-endisele-presidendile\/kommentaarid\" class=\"article-body-bottom__comment article-body-bottom__comment--write button button--primary button--size-auto\" rel=\"nofollow noopener\" target=\"_blank\"><br \/>\n        Kommenteeri<br \/>\n       <\/a> <a href=\"https:\/\/www.delfi.ee\/artikkel\/120421107\/trump-andis-armu-narkokuritegude-eest-45-aastaks-vangi-moistetud-hondurase-endisele-presidendile\/kommentaarid\" class=\"article-body-bottom__comment article-body-bottom__comment--read button button--size-auto\" rel=\"nofollow noopener\" target=\"_blank\"><br \/>\n        Loe kommentaare (7) <\/a>  <\/p>\n","protected":false},"excerpt":{"rendered":"\u201eP\u00e4rast peaaegu nelja aastat valu, ootamist ja raskeid katsumusi naasis mu abikaasa Juan Orlando Hern\u00e1ndez vaba mehena t\u00e4nu&hellip;\n","protected":false},"author":2,"featured_media":55521,"comment_status":"","ping_status":"","sticky":false,"template":"","format":"standard","meta":{"footnotes":""},"categories":[80],"tags":[26,27,324,37,33,35,34,36,31,32,21,21139,28257,28,29,95,19,25,23,24,22,20,30,92,93,94],"class_list":{"0":"post-55520","1":"post","2":"type-post","3":"status-publish","4":"format-standard","5":"has-post-thumbnail","7":"category-maailm","8":"tag-breaking-news","9":"tag-breakingnews","10":"tag-donald-trump","11":"tag-ee","12":"tag-eesti","13":"tag-eesti-keel","14":"tag-estonia","15":"tag-estonian","16":"tag-featured-news","17":"tag-featurednews","18":"tag-headlines","19":"tag-honduras","20":"tag-juan-orlando-hernandez","21":"tag-latest-news","22":"tag-latestnews","23":"tag-maailm","24":"tag-news","25":"tag-populaarseimad-lood","26":"tag-top-stories","27":"tag-topstories","28":"tag-uldised-uudised","29":"tag-uudised","30":"tag-viimased-uudised","31":"tag-world","32":"tag-world-news","33":"tag-worldnews"},"share_on_mastodon":{"url":"","error":""},"_links":{"self":[{"href":"https:\/\/www.europesays.com\/ee\/wp-json\/wp\/v2\/posts\/55520","targetHints":{"allow":["GET"]}}],"collection":[{"href":"https:\/\/www.europesays.com\/ee\/wp-json\/wp\/v2\/posts"}],"about":[{"href":"https:\/\/www.europesays.com\/ee\/wp-json\/wp\/v2\/types\/post"}],"author":[{"embeddable":true,"href":"https:\/\/www.europesays.com\/ee\/wp-json\/wp\/v2\/users\/2"}],"replies":[{"embeddable":true,"href":"https:\/\/www.europesays.com\/ee\/wp-json\/wp\/v2\/comments?post=55520"}],"version-history":[{"count":0,"href":"https:\/\/www.europesays.com\/ee\/wp-json\/wp\/v2\/posts\/55520\/revisions"}],"wp:featuredmedia":[{"embeddable":true,"href":"https:\/\/www.europesays.com\/ee\/wp-json\/wp\/v2\/media\/55521"}],"wp:attachment":[{"href":"https:\/\/www.europesays.com\/ee\/wp-json\/wp\/v2\/media?parent=55520"}],"wp:term":[{"taxonomy":"category","embeddable":true,"href":"https:\/\/www.europesays.com\/ee\/wp-json\/wp\/v2\/categories?post=55520"},{"taxonomy":"post_tag","embeddable":true,"href":"https:\/\/www.europesays.com\/ee\/wp-json\/wp\/v2\/tags?post=55520"}],"curies":[{"name":"wp","href":"https:\/\/api.w.org\/{rel}","templated":true}]}}