{"id":55743,"date":"2025-12-03T00:40:10","date_gmt":"2025-12-03T00:40:10","guid":{"rendered":"https:\/\/www.europesays.com\/ee\/55743\/"},"modified":"2025-12-03T00:40:10","modified_gmt":"2025-12-03T00:40:10","slug":"kuuba-koduse-em-valikturniiri-eel-voimalused-on-head-sulgpall","status":"publish","type":"post","link":"https:\/\/www.europesays.com\/ee\/55743\/","title":{"rendered":"Kuuba koduse EM-valikturniiri eel: v\u00f5imalused on head | Sulgpall"},"content":{"rendered":"<p>Tallinnas tehakse kolmap\u00e4eval algust sulgpalli meeskondlike ja naiskondlike Euroopa meistriv\u00f5istluste valikturniiriga.<\/p>\n<p>Nii Eesti meeskonnal kui ka naiskonnal on t\u00e4navu v\u00f5imalus kindlustada p\u00e4\u00e4s Euroopa meistriv\u00f5istluse finaalturniirile kodupubliku ees. Neljasest alagrupist p\u00e4\u00e4seb EM-ile ehk kaheksa parema sekka vaid v\u00f5itja. Kahel eelmisel valikturniiril on Eesti naiskond oma grupis pidanud leppima teise kohaga.<\/p>\n<p>&#8220;Saame rahul olla koondisega. Meil on segu natuke vanematest ja kogenumatest minu ja Helina n\u00e4ol. Ja siis meil on seas ka uuemad ja noorem generatsioon. Arvan, et saab v\u00e4ga p\u00f5nev olema. Laager l\u00e4ks ka meil koos h\u00e4sti, tase on k\u00fcllaltki k\u00f5rge,&#8221; hindas Eesti esireket Kristin Kuuba.<\/p>\n<p>Meie naiskonnale tuleb kohe avap\u00e4eval vastu grupi favoriit, EM-h\u00f5be Hispaania.<\/p>\n<p>&#8220;Arvan, et v\u00f5imalused on selles m\u00f5ttes head, et neil ei ole v\u00f5ib-olla hetkel k\u00f5ige tugevam koondis, kui v\u00f5rrelda siin m\u00f5ned aastad tagasi. 2016 ol\u00fcmpiav\u00f5itja on neil vigastustega v\u00e4ljas. Samuti on v\u00e4ljas neil see, kes on pikalt teine number olnud,&#8221; loetles Kuuba. &#8220;See justkui r\u00e4\u00e4gib meie kasuks. Aga homme on kindlasti vaja oma parimat m\u00e4ngu n\u00e4idata, et Hispaania alistada.&#8221;<\/p>\n<p>Eesti meeskonna esimeseks vastaseks on Iisrael. Iga vastasega m\u00e4ngitakse kolm \u00fcksikm\u00e4ngu ja kaks paarism\u00e4ngu.<\/p>\n<p>&#8220;Kindlasti on eesm\u00e4rk kaks v\u00f5itu saada, eelk\u00f5ige. Ja Inglismaa vastu peame natuke ennast \u00fcletama, aga ma ei n\u00e4e tegelikult p\u00f5hjust, miks me ei v\u00f5iks seda m\u00e4ngu ka v\u00f5ita,&#8221; \u00fctles Eesti koondise peatreener Robert Kasela.<\/p>\n<p>V\u00f5istlused l\u00f5ppevad Kalevi spordihallis reedel. Finaalturniir toimub j\u00e4rgmise aasta veebruaris T\u00fcrgis.<\/p>\n","protected":false},"excerpt":{"rendered":"Tallinnas tehakse kolmap\u00e4eval algust sulgpalli meeskondlike ja naiskondlike Euroopa meistriv\u00f5istluste valikturniiriga. Nii Eesti meeskonnal kui ka naiskonnal on&hellip;\n","protected":false},"author":2,"featured_media":55744,"comment_status":"","ping_status":"","sticky":false,"template":"","format":"standard","meta":{"footnotes":""},"categories":[18],"tags":[37,33,35,34,36,9289,159,158,28351,28350],"class_list":{"0":"post-55743","1":"post","2":"type-post","3":"status-publish","4":"format-standard","5":"has-post-thumbnail","7":"category-sport","8":"tag-ee","9":"tag-eesti","10":"tag-eesti-keel","11":"tag-estonia","12":"tag-estonian","13":"tag-kristin-kuuba","14":"tag-sport","15":"tag-sports","16":"tag-sulgpalli-meeskondlik-em","17":"tag-sulgpalli-naiskondlik-em"},"share_on_mastodon":{"url":"https:\/\/pubeurope.com\/@ee\/115652855291600781","error":""},"_links":{"self":[{"href":"https:\/\/www.europesays.com\/ee\/wp-json\/wp\/v2\/posts\/55743","targetHints":{"allow":["GET"]}}],"collection":[{"href":"https:\/\/www.europesays.com\/ee\/wp-json\/wp\/v2\/posts"}],"about":[{"href":"https:\/\/www.europesays.com\/ee\/wp-json\/wp\/v2\/types\/post"}],"author":[{"embeddable":true,"href":"https:\/\/www.europesays.com\/ee\/wp-json\/wp\/v2\/users\/2"}],"replies":[{"embeddable":true,"href":"https:\/\/www.europesays.com\/ee\/wp-json\/wp\/v2\/comments?post=55743"}],"version-history":[{"count":0,"href":"https:\/\/www.europesays.com\/ee\/wp-json\/wp\/v2\/posts\/55743\/revisions"}],"wp:featuredmedia":[{"embeddable":true,"href":"https:\/\/www.europesays.com\/ee\/wp-json\/wp\/v2\/media\/55744"}],"wp:attachment":[{"href":"https:\/\/www.europesays.com\/ee\/wp-json\/wp\/v2\/media?parent=55743"}],"wp:term":[{"taxonomy":"category","embeddable":true,"href":"https:\/\/www.europesays.com\/ee\/wp-json\/wp\/v2\/categories?post=55743"},{"taxonomy":"post_tag","embeddable":true,"href":"https:\/\/www.europesays.com\/ee\/wp-json\/wp\/v2\/tags?post=55743"}],"curies":[{"name":"wp","href":"https:\/\/api.w.org\/{rel}","templated":true}]}}