{"id":56058,"date":"2025-12-03T11:35:08","date_gmt":"2025-12-03T11:35:08","guid":{"rendered":"https:\/\/www.europesays.com\/ee\/56058\/"},"modified":"2025-12-03T11:35:08","modified_gmt":"2025-12-03T11:35:08","slug":"britid-nurisevad-norrast-londoni-sudamesse-toodud-joulukuuse-ule-sellest-naeb-ju-labi","status":"publish","type":"post","link":"https:\/\/www.europesays.com\/ee\/56058\/","title":{"rendered":"Britid nurisevad Norrast Londoni s\u00fcdamesse toodud j\u00f5ulukuuse \u00fcle: sellest n\u00e4eb ju l\u00e4bi!"},"content":{"rendered":"<p>Londonisse j\u00f5udis 20 meetrit k\u00f5rge kuusk esmasp\u00e4eva varahommikul Oslo l\u00e4histel asuvast metsast. Homme pannakse puul p\u00f5lema ka siravad tuled. Samas on kohalikud n\u00f6rdinud, kuna kuusk ei vasta nende ootustele.<\/p>\n<p>\u00abN\u00e4eb veidi \u00f5bluke v\u00e4lja. Ma ootasin tervemat puud. See muutub iga aastaga aina \u00f5hemaks,\u00bb r\u00e4\u00e4kis kohalik elanik Sylvia Scott Norra avalik-\u00f5iguslikule ringh\u00e4\u00e4lingule (NRK).<\/p>\n","protected":false},"excerpt":{"rendered":"Londonisse j\u00f5udis 20 meetrit k\u00f5rge kuusk esmasp\u00e4eva varahommikul Oslo l\u00e4histel asuvast metsast. Homme pannakse puul p\u00f5lema ka siravad&hellip;\n","protected":false},"author":2,"featured_media":56059,"comment_status":"","ping_status":"","sticky":false,"template":"","format":"standard","meta":{"footnotes":"","_share_on_mastodon":"0"},"categories":[80],"tags":[28527,26,27,37,33,35,34,36,31,32,21,11588,28,29,4320,95,19,1437,2693,25,23,24,28526,1038,22,20,30,92,93,94],"class_list":["post-56058","post","type-post","status-publish","format-standard","has-post-thumbnail","category-maailm","tag-anne-lindboe","tag-breaking-news","tag-breakingnews","tag-ee","tag-eesti","tag-eesti-keel","tag-estonia","tag-estonian","tag-featured-news","tag-featurednews","tag-headlines","tag-joulukuusk","tag-latest-news","tag-latestnews","tag-london","tag-maailm","tag-news","tag-norra","tag-oslo","tag-populaarseimad-lood","tag-top-stories","tag-topstories","tag-trafalgari-valjak","tag-uhendkuningriik","tag-uldised-uudised","tag-uudised","tag-viimased-uudised","tag-world","tag-world-news","tag-worldnews"],"share_on_mastodon":{"url":"https:\/\/pubeurope.com\/@ee\/115655431008282999","error":""},"_links":{"self":[{"href":"https:\/\/www.europesays.com\/ee\/wp-json\/wp\/v2\/posts\/56058","targetHints":{"allow":["GET"]}}],"collection":[{"href":"https:\/\/www.europesays.com\/ee\/wp-json\/wp\/v2\/posts"}],"about":[{"href":"https:\/\/www.europesays.com\/ee\/wp-json\/wp\/v2\/types\/post"}],"author":[{"embeddable":true,"href":"https:\/\/www.europesays.com\/ee\/wp-json\/wp\/v2\/users\/2"}],"replies":[{"embeddable":true,"href":"https:\/\/www.europesays.com\/ee\/wp-json\/wp\/v2\/comments?post=56058"}],"version-history":[{"count":0,"href":"https:\/\/www.europesays.com\/ee\/wp-json\/wp\/v2\/posts\/56058\/revisions"}],"wp:featuredmedia":[{"embeddable":true,"href":"https:\/\/www.europesays.com\/ee\/wp-json\/wp\/v2\/media\/56059"}],"wp:attachment":[{"href":"https:\/\/www.europesays.com\/ee\/wp-json\/wp\/v2\/media?parent=56058"}],"wp:term":[{"taxonomy":"category","embeddable":true,"href":"https:\/\/www.europesays.com\/ee\/wp-json\/wp\/v2\/categories?post=56058"},{"taxonomy":"post_tag","embeddable":true,"href":"https:\/\/www.europesays.com\/ee\/wp-json\/wp\/v2\/tags?post=56058"}],"curies":[{"name":"wp","href":"https:\/\/api.w.org\/{rel}","templated":true}]}}