{"id":56172,"date":"2025-12-03T14:10:15","date_gmt":"2025-12-03T14:10:15","guid":{"rendered":"https:\/\/www.europesays.com\/ee\/56172\/"},"modified":"2025-12-03T14:10:15","modified_gmt":"2025-12-03T14:10:15","slug":"vene-sim-kaardid-lulituvad-uha-sagedamini-el-i-vorkudesse","status":"publish","type":"post","link":"https:\/\/www.europesays.com\/ee\/56172\/","title":{"rendered":"Vene SIM-kaardid l\u00fclituvad \u00fcha sagedamini EL-i v\u00f5rkudesse"},"content":{"rendered":"<p>Venemaal on hakatud blokeerima k\u00f5iki SIM-kaarte, kui omanik on Venemaale naasnud v\u00e4lismaalt \u2013 nii p\u00fc\u00fcab Putini re\u017eiim kaitsta end droonir\u00fcnnakute eest.<\/p>\n<p>Venemaa Pihkva oblasti piirialade elanikud kurdavad \u00fcha sagedamini SIM-kaardi blokeerimise \u00fcle p\u00e4rast uute reeglite kehtestamist, millega piirati SIM-kaardile p\u00e4rast piiri \u00fcletamist juurdep\u00e4\u00e4s 24 tunniks.<\/p>\n","protected":false},"excerpt":{"rendered":"Venemaal on hakatud blokeerima k\u00f5iki SIM-kaarte, kui omanik on Venemaale naasnud v\u00e4lismaalt \u2013 nii p\u00fc\u00fcab Putini re\u017eiim kaitsta&hellip;\n","protected":false},"author":2,"featured_media":56173,"comment_status":"","ping_status":"","sticky":false,"template":"","format":"standard","meta":{"footnotes":"","_share_on_mastodon":"0"},"categories":[80],"tags":[28587,26,27,37,33,35,34,36,31,32,21,28,29,95,28585,19,59,25,28586,28584,23,24,3137,22,20,96,30,92,93,94],"class_list":["post-56172","post","type-post","status-publish","format-standard","has-post-thumbnail","category-maailm","tag-andmeside-blokeerimine","tag-breaking-news","tag-breakingnews","tag-ee","tag-eesti","tag-eesti-keel","tag-estonia","tag-estonian","tag-featured-news","tag-featurednews","tag-headlines","tag-latest-news","tag-latestnews","tag-maailm","tag-mobiilioperaatorid","tag-news","tag-piirangud","tag-populaarseimad-lood","tag-roaming","tag-sim-kaartide-blokeerimine","tag-top-stories","tag-topstories","tag-turvalisus","tag-uldised-uudised","tag-uudised","tag-venemaa","tag-viimased-uudised","tag-world","tag-world-news","tag-worldnews"],"share_on_mastodon":{"url":"https:\/\/pubeurope.com\/@ee\/115656041624237448","error":""},"_links":{"self":[{"href":"https:\/\/www.europesays.com\/ee\/wp-json\/wp\/v2\/posts\/56172","targetHints":{"allow":["GET"]}}],"collection":[{"href":"https:\/\/www.europesays.com\/ee\/wp-json\/wp\/v2\/posts"}],"about":[{"href":"https:\/\/www.europesays.com\/ee\/wp-json\/wp\/v2\/types\/post"}],"author":[{"embeddable":true,"href":"https:\/\/www.europesays.com\/ee\/wp-json\/wp\/v2\/users\/2"}],"replies":[{"embeddable":true,"href":"https:\/\/www.europesays.com\/ee\/wp-json\/wp\/v2\/comments?post=56172"}],"version-history":[{"count":0,"href":"https:\/\/www.europesays.com\/ee\/wp-json\/wp\/v2\/posts\/56172\/revisions"}],"wp:featuredmedia":[{"embeddable":true,"href":"https:\/\/www.europesays.com\/ee\/wp-json\/wp\/v2\/media\/56173"}],"wp:attachment":[{"href":"https:\/\/www.europesays.com\/ee\/wp-json\/wp\/v2\/media?parent=56172"}],"wp:term":[{"taxonomy":"category","embeddable":true,"href":"https:\/\/www.europesays.com\/ee\/wp-json\/wp\/v2\/categories?post=56172"},{"taxonomy":"post_tag","embeddable":true,"href":"https:\/\/www.europesays.com\/ee\/wp-json\/wp\/v2\/tags?post=56172"}],"curies":[{"name":"wp","href":"https:\/\/api.w.org\/{rel}","templated":true}]}}