{"id":57009,"date":"2025-12-04T14:51:07","date_gmt":"2025-12-04T14:51:07","guid":{"rendered":"https:\/\/www.europesays.com\/ee\/57009\/"},"modified":"2025-12-04T14:51:07","modified_gmt":"2025-12-04T14:51:07","slug":"suures-maksupettuses-kahtlustatav-maag-on-koondanud-enda-katte-suure-osa-eestlase-toidulauast","status":"publish","type":"post","link":"https:\/\/www.europesays.com\/ee\/57009\/","title":{"rendered":"Suures maksupettuses kahtlustatav Maag on koondanud enda k\u00e4tte suure osa eestlase toidulauast"},"content":{"rendered":"<p>Maag Grupp on aastate jooksul kokku koondanud hulga Eesti tuntumaid toidufirmam\u00e4rke ja tootmis\u00fcksusi. Muu hulgas kuuluvad kontserni portfelli sellised firmam\u00e4rgid nagu Rakvere, Rannarootsi, Rannam\u00f5isa, Tallegg, Tere ja Farmi.<\/p>\n<p>Olemuselt on Maag Grupp \u00e4rikliente teenindav toiduainete vahendamise ettev\u00f5te. Kontserni p\u00f5hitegevus on jahutatud ja k\u00fclmutatud toiduainete m\u00fc\u00fck, lao- ja varude haldamine ning jaotus. <\/p>\n<p>Oled juba tellija?  Logi sisse <\/p>\n<p>       <a href=\"https:\/\/arileht.delfi.ee\/artikkel\/120421505\/suures-maksupettuses-kahtlustatav-maag-on-koondanud-enda-katte-suure-osa-eestlase-toidulauast\/kommentaarid\" class=\"article-body-bottom__comment article-body-bottom__comment--write button button--primary button--size-auto\" rel=\"nofollow noopener\" target=\"_blank\"><br \/>\n        Kommenteeri<br \/>\n       <\/a> <a href=\"https:\/\/arileht.delfi.ee\/artikkel\/120421505\/suures-maksupettuses-kahtlustatav-maag-on-koondanud-enda-katte-suure-osa-eestlase-toidulauast\/kommentaarid\" class=\"article-body-bottom__comment article-body-bottom__comment--read button button--size-auto\" rel=\"nofollow noopener\" target=\"_blank\"><br \/>\n        Loe kommentaare  <\/a>  <\/p>\n","protected":false},"excerpt":{"rendered":"Maag Grupp on aastate jooksul kokku koondanud hulga Eesti tuntumaid toidufirmam\u00e4rke ja tootmis\u00fcksusi. Muu hulgas kuuluvad kontserni portfelli&hellip;\n","protected":false},"author":2,"featured_media":57010,"comment_status":"","ping_status":"","sticky":false,"template":"","format":"standard","meta":{"footnotes":"","_share_on_mastodon":"0"},"categories":[12],"tags":[26,27,37,33,35,34,36,31,32,21,28,29,1394,2180,19,22305,111,25,23,24,22,20,30],"class_list":["post-57009","post","type-post","status-publish","format-standard","has-post-thumbnail","category-eesti","tag-breaking-news","tag-breakingnews","tag-ee","tag-eesti","tag-eesti-keel","tag-estonia","tag-estonian","tag-featured-news","tag-featurednews","tag-headlines","tag-latest-news","tag-latestnews","tag-lihatoostused","tag-maag-grupp","tag-news","tag-noo","tag-poola","tag-populaarseimad-lood","tag-top-stories","tag-topstories","tag-uldised-uudised","tag-uudised","tag-viimased-uudised"],"share_on_mastodon":{"url":"https:\/\/pubeurope.com\/@ee\/115661864005910272","error":""},"_links":{"self":[{"href":"https:\/\/www.europesays.com\/ee\/wp-json\/wp\/v2\/posts\/57009","targetHints":{"allow":["GET"]}}],"collection":[{"href":"https:\/\/www.europesays.com\/ee\/wp-json\/wp\/v2\/posts"}],"about":[{"href":"https:\/\/www.europesays.com\/ee\/wp-json\/wp\/v2\/types\/post"}],"author":[{"embeddable":true,"href":"https:\/\/www.europesays.com\/ee\/wp-json\/wp\/v2\/users\/2"}],"replies":[{"embeddable":true,"href":"https:\/\/www.europesays.com\/ee\/wp-json\/wp\/v2\/comments?post=57009"}],"version-history":[{"count":0,"href":"https:\/\/www.europesays.com\/ee\/wp-json\/wp\/v2\/posts\/57009\/revisions"}],"wp:featuredmedia":[{"embeddable":true,"href":"https:\/\/www.europesays.com\/ee\/wp-json\/wp\/v2\/media\/57010"}],"wp:attachment":[{"href":"https:\/\/www.europesays.com\/ee\/wp-json\/wp\/v2\/media?parent=57009"}],"wp:term":[{"taxonomy":"category","embeddable":true,"href":"https:\/\/www.europesays.com\/ee\/wp-json\/wp\/v2\/categories?post=57009"},{"taxonomy":"post_tag","embeddable":true,"href":"https:\/\/www.europesays.com\/ee\/wp-json\/wp\/v2\/tags?post=57009"}],"curies":[{"name":"wp","href":"https:\/\/api.w.org\/{rel}","templated":true}]}}