{"id":57439,"date":"2025-12-05T07:44:09","date_gmt":"2025-12-05T07:44:09","guid":{"rendered":"https:\/\/www.europesays.com\/ee\/57439\/"},"modified":"2025-12-05T07:44:09","modified_gmt":"2025-12-05T07:44:09","slug":"tervikumi-joululaadal-nappis-ostjaid","status":"publish","type":"post","link":"https:\/\/www.europesays.com\/ee\/57439\/","title":{"rendered":"Tervikumi j\u00f5ululaadal nappis ostjaid"},"content":{"rendered":"<p>Neljap\u00e4eva l\u00f5una ajal pakkusid Viljandi haigla t\u00f6\u00f6tajad Tervikumi hoone kolmandal korrusel j\u00f5ululaadal omavalmistatud k\u00fcpsetisi ja k\u00e4sit\u00f6\u00f6esemeid. T\u00f6\u00f6tajad nentisid, et seekord oli laat v\u00e4hem menukas kui vanas haiglas.\u00a0<\/p>\n<p>Kella \u00fcheks oli laadamelu raugenud. Haigla t\u00f6\u00f6tajad, kes olid sel korral ennast m\u00fc\u00fcjaametisse seadnud, pakkusid erinevat kaupa k\u00f5rvar\u00f5ngastest k\u00e4sit\u00f6\u00f6 huulepulkadeni.<\/p>\n","protected":false},"excerpt":{"rendered":"Neljap\u00e4eva l\u00f5una ajal pakkusid Viljandi haigla t\u00f6\u00f6tajad Tervikumi hoone kolmandal korrusel j\u00f5ululaadal omavalmistatud k\u00fcpsetisi ja k\u00e4sit\u00f6\u00f6esemeid. T\u00f6\u00f6tajad nentisid,&hellip;\n","protected":false},"author":2,"featured_media":57440,"comment_status":"","ping_status":"","sticky":false,"template":"","format":"standard","meta":{"footnotes":"","_share_on_mastodon":"0"},"categories":[5],"tags":[26,27,37,33,35,34,36,31,32,21,28,29,19,25,1457,29117,23,24,22,20,30],"class_list":["post-57439","post","type-post","status-publish","format-standard","has-post-thumbnail","category-uldised-uudised","tag-breaking-news","tag-breakingnews","tag-ee","tag-eesti","tag-eesti-keel","tag-estonia","tag-estonian","tag-featured-news","tag-featurednews","tag-headlines","tag-latest-news","tag-latestnews","tag-news","tag-populaarseimad-lood","tag-tervikum","tag-tervikumi-joululaat","tag-top-stories","tag-topstories","tag-uldised-uudised","tag-uudised","tag-viimased-uudised"],"share_on_mastodon":{"url":"https:\/\/pubeurope.com\/@ee\/115665847126003220","error":""},"_links":{"self":[{"href":"https:\/\/www.europesays.com\/ee\/wp-json\/wp\/v2\/posts\/57439","targetHints":{"allow":["GET"]}}],"collection":[{"href":"https:\/\/www.europesays.com\/ee\/wp-json\/wp\/v2\/posts"}],"about":[{"href":"https:\/\/www.europesays.com\/ee\/wp-json\/wp\/v2\/types\/post"}],"author":[{"embeddable":true,"href":"https:\/\/www.europesays.com\/ee\/wp-json\/wp\/v2\/users\/2"}],"replies":[{"embeddable":true,"href":"https:\/\/www.europesays.com\/ee\/wp-json\/wp\/v2\/comments?post=57439"}],"version-history":[{"count":0,"href":"https:\/\/www.europesays.com\/ee\/wp-json\/wp\/v2\/posts\/57439\/revisions"}],"wp:featuredmedia":[{"embeddable":true,"href":"https:\/\/www.europesays.com\/ee\/wp-json\/wp\/v2\/media\/57440"}],"wp:attachment":[{"href":"https:\/\/www.europesays.com\/ee\/wp-json\/wp\/v2\/media?parent=57439"}],"wp:term":[{"taxonomy":"category","embeddable":true,"href":"https:\/\/www.europesays.com\/ee\/wp-json\/wp\/v2\/categories?post=57439"},{"taxonomy":"post_tag","embeddable":true,"href":"https:\/\/www.europesays.com\/ee\/wp-json\/wp\/v2\/tags?post=57439"}],"curies":[{"name":"wp","href":"https:\/\/api.w.org\/{rel}","templated":true}]}}