{"id":57934,"date":"2025-12-05T17:42:08","date_gmt":"2025-12-05T17:42:08","guid":{"rendered":"https:\/\/www.europesays.com\/ee\/57934\/"},"modified":"2025-12-05T17:42:08","modified_gmt":"2025-12-05T17:42:08","slug":"ma-ei-tea-mis-imenipiga-ta-seda-suutis","status":"publish","type":"post","link":"https:\/\/www.europesays.com\/ee\/57934\/","title":{"rendered":"ma ei tea, mis imenipiga ta seda suutis"},"content":{"rendered":"<p>Eesti vormelis\u00f5itja Paul Aron osales t\u00e4na Abu Dhabi F1 etapi esimesel vabatreeningul ja sai Alpine\u2019i vormeliga 13. aja. Treeningu esimeses osas tegi 21-aastane Aron \u00fchele ringile minnes v\u00e4ikese eksimuse, mille suutis t\u00e4nu kiirele reaktsioonile heastada. Endisele F1 s\u00f5itjale ja t\u00e4na televisioonis eksperdina t\u00f6\u00f6tavale Anthony Davidsonile avaldas see muljet.<\/p>\n","protected":false},"excerpt":{"rendered":"Eesti vormelis\u00f5itja Paul Aron osales t\u00e4na Abu Dhabi F1 etapi esimesel vabatreeningul ja sai Alpine\u2019i vormeliga 13. aja.&hellip;\n","protected":false},"author":2,"featured_media":57935,"comment_status":"","ping_status":"","sticky":false,"template":"","format":"standard","meta":{"footnotes":"","_share_on_mastodon":"0"},"categories":[18],"tags":[1164,29378,10088,37,33,35,34,36,8136,1165,1163,29379,159,158,2130,26943],"class_list":["post-57934","post","type-post","status-publish","format-standard","has-post-thumbnail","category-sport","tag-alpine","tag-anthony-davidson","tag-aron","tag-ee","tag-eesti","tag-eesti-keel","tag-estonia","tag-estonian","tag-f1","tag-franco-colapinto","tag-paul-aron","tag-ryo-hirakawa","tag-sport","tag-sports","tag-tallinn","tag-vabatreening"],"share_on_mastodon":{"url":"https:\/\/pubeurope.com\/@ee\/115668198537869786","error":""},"_links":{"self":[{"href":"https:\/\/www.europesays.com\/ee\/wp-json\/wp\/v2\/posts\/57934","targetHints":{"allow":["GET"]}}],"collection":[{"href":"https:\/\/www.europesays.com\/ee\/wp-json\/wp\/v2\/posts"}],"about":[{"href":"https:\/\/www.europesays.com\/ee\/wp-json\/wp\/v2\/types\/post"}],"author":[{"embeddable":true,"href":"https:\/\/www.europesays.com\/ee\/wp-json\/wp\/v2\/users\/2"}],"replies":[{"embeddable":true,"href":"https:\/\/www.europesays.com\/ee\/wp-json\/wp\/v2\/comments?post=57934"}],"version-history":[{"count":0,"href":"https:\/\/www.europesays.com\/ee\/wp-json\/wp\/v2\/posts\/57934\/revisions"}],"wp:featuredmedia":[{"embeddable":true,"href":"https:\/\/www.europesays.com\/ee\/wp-json\/wp\/v2\/media\/57935"}],"wp:attachment":[{"href":"https:\/\/www.europesays.com\/ee\/wp-json\/wp\/v2\/media?parent=57934"}],"wp:term":[{"taxonomy":"category","embeddable":true,"href":"https:\/\/www.europesays.com\/ee\/wp-json\/wp\/v2\/categories?post=57934"},{"taxonomy":"post_tag","embeddable":true,"href":"https:\/\/www.europesays.com\/ee\/wp-json\/wp\/v2\/tags?post=57934"}],"curies":[{"name":"wp","href":"https:\/\/api.w.org\/{rel}","templated":true}]}}