{"id":58046,"date":"2025-12-05T20:53:07","date_gmt":"2025-12-05T20:53:07","guid":{"rendered":"https:\/\/www.europesays.com\/ee\/58046\/"},"modified":"2025-12-05T20:53:07","modified_gmt":"2025-12-05T20:53:07","slug":"finantsinspektsioon-koostab-rahatarkuse-jagajatele-hea-tava-juhendi-eesti","status":"publish","type":"post","link":"https:\/\/www.europesays.com\/ee\/58046\/","title":{"rendered":"Finantsinspektsioon koostab rahatarkuse jagajatele hea tava juhendi | Eesti"},"content":{"rendered":"<p>Finantsinspektsioon on valmistamas juhendit, mis aitaks rahandusn\u00f5u jagavatel isikutel hinnata oma tegevuse seadusp\u00e4rasust. K\u00f5nealuseid m\u00f5juisikuid on tegevus murelikuks teinud. Suunamudijad kardavad nimelt, et inspektsiooni ettepanekuid j\u00e4rgides ei saa nad enam oma senist tegevust j\u00e4tkata.<\/p>\n<p>Peale seda, kui Eestis tuntud investeerimispropageerija soovitatud autorendiettev\u00f5te investorid rahata j\u00e4ttis, otsustas finantsinspektsioon, et rahatarkuse levitajad v\u00f5iksid olla teadlikumad, kuidas seadused investeerimisn\u00f5u andmist reguleerivad ja asus koostama m\u00f5juisikute heade tavade paberit.<\/p>\n<p>&#8220;Nii on ta juba aastaid reguleeritud, et kui sa l\u00e4hed soovitama konkreetse v\u00e4\u00e4rtpaberi ostu v\u00f5i m\u00fc\u00fcki, siis see on investeerimisn\u00f5ustamine seaduse alusel ja selleks peab olema tegevusluba. Sealt edasi igasugune \u00fcldine investorharidus loomulikult ei ole keelatud ja see on ka meie huvi, et m\u00f5juisikud v\u00f5i misiganes haridusega tegelevad inimesed sellega tegelevad,&#8221; lausus finantsinspektsiooni juhatuse liige Andre N\u00f5mm.<\/p>\n<p>Investeerimiskoolitajaid finantsinspektsiooni algatus h\u00e4iris. \u00c4rip\u00e4evale \u00fctlesid nad, et inspektsiooni ettepanekuid j\u00e4rgides ei pruugi olla v\u00f5imalik enam oma senist tegevust j\u00e4tkata. Ajalehe investeerimisvaldkonna juht \u00fctles, et head tava vaja ei ole.<\/p>\n<p>&#8220;Meie hinnangul on see lahendus, mis otsib probleemi. Tegelikult Eesti \u00fchiskonnas me ei n\u00e4e, et sellist probleemi esineks. Need, kes seda rahatarkust on levitanud ja levitavad, me ei n\u00e4e, et oleks olnud \u00f5iguslikke m\u00f6\u00f6dalaskmisi ja kui see nii peaks olema, siis tegelikult seadus seda juba reguleerib,&#8221; s\u00f5nas \u00c4rip\u00e4eva investeerimisvaldkonna juht Juhan Lang.<\/p>\n<p>Samas LHV hinnangul sektorile t\u00e4iendav selgus oleks vaid hea.<\/p>\n<p>&#8220;Peaks v\u00f5tma oma s\u00f5nade eest rohkem vastutust, kui sa r\u00e4\u00e4gid suurema kuulajaskonnaga. Kui sa ei aruta asju s\u00f5braga k\u00f6\u00f6gis laua taga, vaid sa tead, et sind kuulavad ja vaatavad sada v\u00f5i tuhat inimest, siis see s\u00f5num v\u00f5iks olla, et sa m\u00f5tled l\u00e4bi, mida sa \u00fctled ja teadvustad seda endale, et sind kuulavad v\u00e4ga paljud v\u00e4ga erineva taustaga inimesed,&#8221; \u00fctles LHV investorkogukonna juht Nelli Janson.<\/p>\n<p>Finantsinspektsioon plaanib juhtn\u00f6\u00f6rid valmis saada j\u00e4rgmise aasta alguses.<\/p>\n","protected":false},"excerpt":{"rendered":"Finantsinspektsioon on valmistamas juhendit, mis aitaks rahandusn\u00f5u jagavatel isikutel hinnata oma tegevuse seadusp\u00e4rasust. K\u00f5nealuseid m\u00f5juisikuid on tegevus murelikuks&hellip;\n","protected":false},"author":2,"featured_media":58047,"comment_status":"","ping_status":"","sticky":false,"template":"","format":"standard","meta":{"footnotes":"","_share_on_mastodon":"0"},"categories":[12],"tags":[29420,3225,26,27,37,33,35,34,36,31,32,3865,21,8239,29422,28,29,3243,19534,19,25,29423,29421,23,24,22,20,30],"class_list":["post-58046","post","type-post","status-publish","format-standard","has-post-thumbnail","category-eesti","tag-andre-nomm","tag-aripaev","tag-breaking-news","tag-breakingnews","tag-ee","tag-eesti","tag-eesti-keel","tag-estonia","tag-estonian","tag-featured-news","tag-featurednews","tag-finantsinspektsioon","tag-headlines","tag-investorid","tag-juhan-lang","tag-latest-news","tag-latestnews","tag-lhv","tag-nelli-janson","tag-news","tag-populaarseimad-lood","tag-rahatargad","tag-suunamudijad","tag-top-stories","tag-topstories","tag-uldised-uudised","tag-uudised","tag-viimased-uudised"],"share_on_mastodon":{"url":"https:\/\/pubeurope.com\/@ee\/115668949613436919","error":""},"_links":{"self":[{"href":"https:\/\/www.europesays.com\/ee\/wp-json\/wp\/v2\/posts\/58046","targetHints":{"allow":["GET"]}}],"collection":[{"href":"https:\/\/www.europesays.com\/ee\/wp-json\/wp\/v2\/posts"}],"about":[{"href":"https:\/\/www.europesays.com\/ee\/wp-json\/wp\/v2\/types\/post"}],"author":[{"embeddable":true,"href":"https:\/\/www.europesays.com\/ee\/wp-json\/wp\/v2\/users\/2"}],"replies":[{"embeddable":true,"href":"https:\/\/www.europesays.com\/ee\/wp-json\/wp\/v2\/comments?post=58046"}],"version-history":[{"count":0,"href":"https:\/\/www.europesays.com\/ee\/wp-json\/wp\/v2\/posts\/58046\/revisions"}],"wp:featuredmedia":[{"embeddable":true,"href":"https:\/\/www.europesays.com\/ee\/wp-json\/wp\/v2\/media\/58047"}],"wp:attachment":[{"href":"https:\/\/www.europesays.com\/ee\/wp-json\/wp\/v2\/media?parent=58046"}],"wp:term":[{"taxonomy":"category","embeddable":true,"href":"https:\/\/www.europesays.com\/ee\/wp-json\/wp\/v2\/categories?post=58046"},{"taxonomy":"post_tag","embeddable":true,"href":"https:\/\/www.europesays.com\/ee\/wp-json\/wp\/v2\/tags?post=58046"}],"curies":[{"name":"wp","href":"https:\/\/api.w.org\/{rel}","templated":true}]}}