{"id":58149,"date":"2025-12-06T04:03:04","date_gmt":"2025-12-06T04:03:04","guid":{"rendered":"https:\/\/www.europesays.com\/ee\/58149\/"},"modified":"2025-12-06T04:03:04","modified_gmt":"2025-12-06T04:03:04","slug":"viljandi-poliitikud-nouavad-elroni-graafiku-kohta-ministrilt-aru","status":"publish","type":"post","link":"https:\/\/www.europesays.com\/ee\/58149\/","title":{"rendered":"Viljandi poliitikud n\u00f5uavad Elroni graafiku kohta ministrilt aru"},"content":{"rendered":"<p>Suurt hulka Viljandimaa rongis\u00f5itjaid pahandanud \u00e4kiline graafikumuudatus ajendas kolme Viljandi linnavolikokku kuuluvat riigikogu liiget saatma regionaal- ja p\u00f5llumajandusministrile \u00fchist kirja rohkete k\u00fcsimustega. Elron teatas sel n\u00e4dalal, et 5. jaanuarist muutub graafik taas, \u00fcks rong tuleb liinile juurde ning taas hakkab s\u00f5itma varahommikune rong Viljandist.<\/p>\n","protected":false},"excerpt":{"rendered":"Suurt hulka Viljandimaa rongis\u00f5itjaid pahandanud \u00e4kiline graafikumuudatus ajendas kolme Viljandi linnavolikokku kuuluvat riigikogu liiget saatma regionaal- ja p\u00f5llumajandusministrile&hellip;\n","protected":false},"author":2,"featured_media":58150,"comment_status":"","ping_status":"","sticky":false,"template":"","format":"standard","meta":{"footnotes":"","_share_on_mastodon":"0"},"categories":[5],"tags":[26,27,37,33,35,8393,34,36,31,32,29466,21,13988,6950,28,29,6572,19,25,25069,23,24,22,20,30],"class_list":["post-58149","post","type-post","status-publish","format-standard","has-post-thumbnail","category-uldised-uudised","tag-breaking-news","tag-breakingnews","tag-ee","tag-eesti","tag-eesti-keel","tag-elron","tag-estonia","tag-estonian","tag-featured-news","tag-featurednews","tag-graafik","tag-headlines","tag-helir-valdor-seeder","tag-hendrik-johannes-terras","tag-latest-news","tag-latestnews","tag-madis-timpson","tag-news","tag-populaarseimad-lood","tag-soiduplaan","tag-top-stories","tag-topstories","tag-uldised-uudised","tag-uudised","tag-viimased-uudised"],"share_on_mastodon":{"url":"https:\/\/pubeurope.com\/@ee\/115670640450095923","error":""},"_links":{"self":[{"href":"https:\/\/www.europesays.com\/ee\/wp-json\/wp\/v2\/posts\/58149","targetHints":{"allow":["GET"]}}],"collection":[{"href":"https:\/\/www.europesays.com\/ee\/wp-json\/wp\/v2\/posts"}],"about":[{"href":"https:\/\/www.europesays.com\/ee\/wp-json\/wp\/v2\/types\/post"}],"author":[{"embeddable":true,"href":"https:\/\/www.europesays.com\/ee\/wp-json\/wp\/v2\/users\/2"}],"replies":[{"embeddable":true,"href":"https:\/\/www.europesays.com\/ee\/wp-json\/wp\/v2\/comments?post=58149"}],"version-history":[{"count":0,"href":"https:\/\/www.europesays.com\/ee\/wp-json\/wp\/v2\/posts\/58149\/revisions"}],"wp:featuredmedia":[{"embeddable":true,"href":"https:\/\/www.europesays.com\/ee\/wp-json\/wp\/v2\/media\/58150"}],"wp:attachment":[{"href":"https:\/\/www.europesays.com\/ee\/wp-json\/wp\/v2\/media?parent=58149"}],"wp:term":[{"taxonomy":"category","embeddable":true,"href":"https:\/\/www.europesays.com\/ee\/wp-json\/wp\/v2\/categories?post=58149"},{"taxonomy":"post_tag","embeddable":true,"href":"https:\/\/www.europesays.com\/ee\/wp-json\/wp\/v2\/tags?post=58149"}],"curies":[{"name":"wp","href":"https:\/\/api.w.org\/{rel}","templated":true}]}}