{"id":58368,"date":"2025-12-06T10:28:08","date_gmt":"2025-12-06T10:28:08","guid":{"rendered":"https:\/\/www.europesays.com\/ee\/58368\/"},"modified":"2025-12-06T10:28:08","modified_gmt":"2025-12-06T10:28:08","slug":"kaunase-elanikud-nabisid-kinni-kahe-noore-naise-morvas-kahtlustatava-mehe","status":"publish","type":"post","link":"https:\/\/www.europesays.com\/ee\/58368\/","title":{"rendered":"Kaunase elanikud nabisid kinni kahe noore naise m\u00f5rvas kahtlustatava mehe"},"content":{"rendered":"<p>Jaht mehele algas p\u00e4rast seda, kui neljap\u00e4eva varasel pealel\u00f5unal leiti \u00fchest Kaunase korterist surnuks pussitatuna 2003. aastal s\u00fcndinud naine ning sama p\u00e4eva \u00f5htul avastati teisest l\u00e4hedal asuvast korterist 2001. aastal s\u00fcndinud naise v\u00e4givallatunnustega laip, vahendas avalik-\u00f5iguslik ringh\u00e4\u00e4ling LRT.<\/p>\n<p>Kuigi suurte j\u00f5ududega kahtlusalust otsima asunud Leedu politsei hoiatas avalikkust katsete eest meest ise kinni pidada, tegid Kaunase elanikud reede \u00f5htul justnimelt seda. V\u00e4idetavalt \u00fcritas Mikutavi\u010dius teda m\u00e4rganud inimeste eest plehku panna, kuid nad hoidsid teda kinni ja kohale saabunud politseinikele mees enam vastupanu ei osutanud.<\/p>\n","protected":false},"excerpt":{"rendered":"Jaht mehele algas p\u00e4rast seda, kui neljap\u00e4eva varasel pealel\u00f5unal leiti \u00fchest Kaunase korterist surnuks pussitatuna 2003. aastal s\u00fcndinud&hellip;\n","protected":false},"author":2,"featured_media":58369,"comment_status":"","ping_status":"","sticky":false,"template":"","format":"standard","meta":{"footnotes":"","_share_on_mastodon":"0"},"categories":[80],"tags":[26,27,37,33,35,34,36,31,32,21,13821,28,29,115,29518,95,19,25,23,29574,24,22,20,30,92,93,94],"class_list":["post-58368","post","type-post","status-publish","format-standard","has-post-thumbnail","category-maailm","tag-breaking-news","tag-breakingnews","tag-ee","tag-eesti","tag-eesti-keel","tag-estonia","tag-estonian","tag-featured-news","tag-featurednews","tag-headlines","tag-kaunas","tag-latest-news","tag-latestnews","tag-leedu","tag-leedu-politsei","tag-maailm","tag-news","tag-populaarseimad-lood","tag-top-stories","tag-topeltmorv","tag-topstories","tag-uldised-uudised","tag-uudised","tag-viimased-uudised","tag-world","tag-world-news","tag-worldnews"],"share_on_mastodon":{"url":"https:\/\/pubeurope.com\/@ee\/115672154442978958","error":""},"_links":{"self":[{"href":"https:\/\/www.europesays.com\/ee\/wp-json\/wp\/v2\/posts\/58368","targetHints":{"allow":["GET"]}}],"collection":[{"href":"https:\/\/www.europesays.com\/ee\/wp-json\/wp\/v2\/posts"}],"about":[{"href":"https:\/\/www.europesays.com\/ee\/wp-json\/wp\/v2\/types\/post"}],"author":[{"embeddable":true,"href":"https:\/\/www.europesays.com\/ee\/wp-json\/wp\/v2\/users\/2"}],"replies":[{"embeddable":true,"href":"https:\/\/www.europesays.com\/ee\/wp-json\/wp\/v2\/comments?post=58368"}],"version-history":[{"count":0,"href":"https:\/\/www.europesays.com\/ee\/wp-json\/wp\/v2\/posts\/58368\/revisions"}],"wp:featuredmedia":[{"embeddable":true,"href":"https:\/\/www.europesays.com\/ee\/wp-json\/wp\/v2\/media\/58369"}],"wp:attachment":[{"href":"https:\/\/www.europesays.com\/ee\/wp-json\/wp\/v2\/media?parent=58368"}],"wp:term":[{"taxonomy":"category","embeddable":true,"href":"https:\/\/www.europesays.com\/ee\/wp-json\/wp\/v2\/categories?post=58368"},{"taxonomy":"post_tag","embeddable":true,"href":"https:\/\/www.europesays.com\/ee\/wp-json\/wp\/v2\/tags?post=58368"}],"curies":[{"name":"wp","href":"https:\/\/api.w.org\/{rel}","templated":true}]}}