{"id":59021,"date":"2025-12-07T14:22:09","date_gmt":"2025-12-07T14:22:09","guid":{"rendered":"https:\/\/www.europesays.com\/ee\/59021\/"},"modified":"2025-12-07T14:22:09","modified_gmt":"2025-12-07T14:22:09","slug":"clyde-kull-%e2%9f%a9-mis-saab-euroopast-uus-majandussusteem-tuleb-tahame-me-seda-voi-mitte","status":"publish","type":"post","link":"https:\/\/www.europesays.com\/ee\/59021\/","title":{"rendered":"CLYDE KULL \u27e9 Mis saab Euroopast? \u2013 Uus majanduss\u00fcsteem tuleb, tahame me seda v\u00f5i mitte"},"content":{"rendered":"<p>T\u00e4nap\u00e4eva maailmamajandus t\u00f6\u00f6tab nagu hiiglaslik superarvuti. See t\u00f6\u00f6tleb iga p\u00e4ev miljardeid hinnasignaale ja tootmisotsuseid, arvutab tulusid, palku ja kasumeid ning annab l\u00f5puks vastuse k\u00fcsimusele, kes saab rikkaks ja kes j\u00e4\u00e4b vaeseks. Selle masina \u00abriistvara\u00bb on turud, institutsioonid ja reeglid; \u00abtarkvara\u00bb on ideed, mille kaudu \u00fchiskond otsustab, milleks majandus tegelikult on ja kelle heaks ta t\u00f6\u00f6tab.<\/p>\n<p>Aeg-ajalt see s\u00fcsteem jookseb kokku. Tavaliselt piisab tarkvarauuendusest &#8211; uued majandusideed uute probleemide lahendamiseks. Kuid vahel muutub ka riistvara: reeglid, rahvusvaheline s\u00fcsteem, t\u00f6\u00f6jaotus, v\u00f5imutasakaal. Just sellises hetkes me t\u00e4na oleme. Maailmamajandus on j\u00f5udnud Control\u2013Alt\u2013Delete punkti ja iga m\u00e4rk viitab sellele, et ees seisab uus versioon globaalsest majanduskorraldusest, mille p\u00f5hikoodi kirjutamine alles k\u00e4ib.<\/p>\n","protected":false},"excerpt":{"rendered":"T\u00e4nap\u00e4eva maailmamajandus t\u00f6\u00f6tab nagu hiiglaslik superarvuti. See t\u00f6\u00f6tleb iga p\u00e4ev miljardeid hinnasignaale ja tootmisotsuseid, arvutab tulusid, palku ja&hellip;\n","protected":false},"author":2,"featured_media":24310,"comment_status":"","ping_status":"","sticky":false,"template":"","format":"standard","meta":{"footnotes":""},"categories":[12],"tags":[461,26,27,20229,324,37,33,35,34,36,112,31,32,21,326,15928,28,29,29878,29874,19,25,29877,29875,23,24,29876,22,20,30],"class_list":{"0":"post-59021","1":"post","2":"type-post","3":"status-publish","4":"format-standard","5":"has-post-thumbnail","7":"category-eesti","8":"tag-ameerika","9":"tag-breaking-news","10":"tag-breakingnews","11":"tag-brexit","12":"tag-donald-trump","13":"tag-ee","14":"tag-eesti","15":"tag-eesti-keel","16":"tag-estonia","17":"tag-estonian","18":"tag-euroopa","19":"tag-featured-news","20":"tag-featurednews","21":"tag-headlines","22":"tag-hiina","23":"tag-kliimamuutus","24":"tag-latest-news","25":"tag-latestnews","26":"tag-maailmamajandus","27":"tag-neoliberalism","28":"tag-news","29":"tag-populaarseimad-lood","30":"tag-reindustrialiseerimine","31":"tag-sotsiaalne-lepe","32":"tag-top-stories","33":"tag-topstories","34":"tag-uberglobaliseerumine","35":"tag-uldised-uudised","36":"tag-uudised","37":"tag-viimased-uudised"},"share_on_mastodon":{"url":"https:\/\/pubeurope.com\/@ee\/115678736900684946","error":""},"_links":{"self":[{"href":"https:\/\/www.europesays.com\/ee\/wp-json\/wp\/v2\/posts\/59021","targetHints":{"allow":["GET"]}}],"collection":[{"href":"https:\/\/www.europesays.com\/ee\/wp-json\/wp\/v2\/posts"}],"about":[{"href":"https:\/\/www.europesays.com\/ee\/wp-json\/wp\/v2\/types\/post"}],"author":[{"embeddable":true,"href":"https:\/\/www.europesays.com\/ee\/wp-json\/wp\/v2\/users\/2"}],"replies":[{"embeddable":true,"href":"https:\/\/www.europesays.com\/ee\/wp-json\/wp\/v2\/comments?post=59021"}],"version-history":[{"count":0,"href":"https:\/\/www.europesays.com\/ee\/wp-json\/wp\/v2\/posts\/59021\/revisions"}],"wp:featuredmedia":[{"embeddable":true,"href":"https:\/\/www.europesays.com\/ee\/wp-json\/wp\/v2\/media\/24310"}],"wp:attachment":[{"href":"https:\/\/www.europesays.com\/ee\/wp-json\/wp\/v2\/media?parent=59021"}],"wp:term":[{"taxonomy":"category","embeddable":true,"href":"https:\/\/www.europesays.com\/ee\/wp-json\/wp\/v2\/categories?post=59021"},{"taxonomy":"post_tag","embeddable":true,"href":"https:\/\/www.europesays.com\/ee\/wp-json\/wp\/v2\/tags?post=59021"}],"curies":[{"name":"wp","href":"https:\/\/api.w.org\/{rel}","templated":true}]}}