{"id":59048,"date":"2025-12-07T15:03:07","date_gmt":"2025-12-07T15:03:07","guid":{"rendered":"https:\/\/www.europesays.com\/ee\/59048\/"},"modified":"2025-12-07T15:03:07","modified_gmt":"2025-12-07T15:03:07","slug":"vormel-1-maailmameistriks-krooniti-lando-norris-vormelisport","status":"publish","type":"post","link":"https:\/\/www.europesays.com\/ee\/59048\/","title":{"rendered":"Vormel-1 maailmameistriks krooniti Lando Norris | Vormelisport"},"content":{"rendered":"<p>Vormel-1 hooaja viimasel MM-etapil Abu Dhabis kindlustas endale kolmanda kohaga MM-tiitli McLareni piloot Lando Norris. Etapiv\u00f5idu teenis Max Verstappen (Red Bull).<\/p>\n<p>Hooaja viimasele etapile saabuti olukorras, kus MM-tiitli eest heitlesid Norris ja tema tiimikaaslane Oscar Piastri ning neljakordne maailmameister Verstappen.<\/p>\n<p>P\u00fchap\u00e4evast p\u00f5his\u00f5itu alustas parimalt\u00a0stardikohalt\u00a0Verstappen, kes s\u00e4ilitas esimesel ringil liidrikoha ja hoidis seda 24. ringini, mil siirdus boksi. Seej\u00e4rel t\u00f5usis esikohale Piastri, Norris p\u00fcsis suurema osa s\u00f5idust kolmandal kohal.<\/p>\n<p>Verstappen m\u00f6\u00f6dus Piastrist 41. ringil ja hoidis esikohta l\u00f5puni v\u00e4lja, teenides karj\u00e4\u00e4ri 71. etapiv\u00f5idu. Norris \u00fcletas fini\u0161ijoone Verstappeni ja Piastri (+12,594) j\u00e4rel kolmandana (+16,572) ning kindlustas endale selle l\u00f5ppkohaga karj\u00e4\u00e4ri esimese MM-tiitli.<\/p>\n<p>Norris v\u00f5itis hooaja jooksul seitse etappi ja kogus 423 punkti, edestades Verstappenit l\u00f5puks vaid kahe punktiga. Piastri saagiks j\u00e4i 410 silma.<\/p>\n<p>26-aastasest Norrisest sai 35. mees, kes tulnud vormelispordi\u00a0kuninglikus sarjas maailmameistriks. \u00dchtlasi on ta 11. Suurbritanniast p\u00e4rit maailmameister.<\/p>\n<p>Esikolmikule j\u00e4rgnesid Abu Dhabis Charles Leclerc (Ferrari; +23,279), George Russell (Mercedes; +48,563), Fernando Alonso (Aston Martin; +1.07,562), Esteban Ocon (Haas; +1.09,876), Lewis Hamilton (Ferrari; +1.12,670), Lance Stroll (Aston Martin; +1.14,523) ja Oliver Bearman (Haas; +1.16,166).<\/p>\n<p>Konstruktorite arvestuses v\u00f5itis MM-tiitli McLaren.<\/p>\n<blockquote class=\"twitter-tweet\">\n<p lang=\"en\" dir=\"ltr\">LANDO NORRIS IS THE 2025 FORMULA 1 WORLD CHAMPION!!!! <a href=\"https:\/\/twitter.com\/hashtag\/F1?src=hash&amp;ref_src=twsrc%5Etfw\" rel=\"nofollow noopener\" target=\"_blank\">#F1<\/a> <a href=\"https:\/\/twitter.com\/hashtag\/AbuDhabiGP?src=hash&amp;ref_src=twsrc%5Etfw\" rel=\"nofollow noopener\" target=\"_blank\">#AbuDhabiGP<\/a> <a href=\"https:\/\/t.co\/Rg4cc4OwlU\" rel=\"nofollow\">pic.twitter.com\/Rg4cc4OwlU<\/a><\/p>\n<p>\u2014 Formula 1 (@F1) <a href=\"https:\/\/twitter.com\/F1\/status\/1997675056730706156?ref_src=twsrc%5Etfw\" rel=\"nofollow noopener\" target=\"_blank\">December 7, 2025<\/a><\/p><\/blockquote>\n<p><script async src=\"https:\/\/platform.twitter.com\/widgets.js\" charset=\"utf-8\"><\/script><\/p>\n","protected":false},"excerpt":{"rendered":"Vormel-1 hooaja viimasel MM-etapil Abu Dhabis kindlustas endale kolmanda kohaga MM-tiitli McLareni piloot Lando Norris. Etapiv\u00f5idu teenis Max&hellip;\n","protected":false},"author":2,"featured_media":59049,"comment_status":"","ping_status":"","sticky":false,"template":"","format":"standard","meta":{"footnotes":""},"categories":[18],"tags":[29234,37,33,35,34,36,1577,586,1579,159,158,4487,7602],"class_list":{"0":"post-59048","1":"post","2":"type-post","3":"status-publish","4":"format-standard","5":"has-post-thumbnail","7":"category-sport","8":"tag-abu-dhabi-gp","9":"tag-ee","10":"tag-eesti","11":"tag-eesti-keel","12":"tag-estonia","13":"tag-estonian","14":"tag-lando-norris","15":"tag-max-verstappen","16":"tag-oscar-piastri","17":"tag-sport","18":"tag-sports","19":"tag-vormel-1","20":"tag-vormel-1-2025"},"share_on_mastodon":{"url":"https:\/\/pubeurope.com\/@ee\/115678897942411967","error":""},"_links":{"self":[{"href":"https:\/\/www.europesays.com\/ee\/wp-json\/wp\/v2\/posts\/59048","targetHints":{"allow":["GET"]}}],"collection":[{"href":"https:\/\/www.europesays.com\/ee\/wp-json\/wp\/v2\/posts"}],"about":[{"href":"https:\/\/www.europesays.com\/ee\/wp-json\/wp\/v2\/types\/post"}],"author":[{"embeddable":true,"href":"https:\/\/www.europesays.com\/ee\/wp-json\/wp\/v2\/users\/2"}],"replies":[{"embeddable":true,"href":"https:\/\/www.europesays.com\/ee\/wp-json\/wp\/v2\/comments?post=59048"}],"version-history":[{"count":0,"href":"https:\/\/www.europesays.com\/ee\/wp-json\/wp\/v2\/posts\/59048\/revisions"}],"wp:featuredmedia":[{"embeddable":true,"href":"https:\/\/www.europesays.com\/ee\/wp-json\/wp\/v2\/media\/59049"}],"wp:attachment":[{"href":"https:\/\/www.europesays.com\/ee\/wp-json\/wp\/v2\/media?parent=59048"}],"wp:term":[{"taxonomy":"category","embeddable":true,"href":"https:\/\/www.europesays.com\/ee\/wp-json\/wp\/v2\/categories?post=59048"},{"taxonomy":"post_tag","embeddable":true,"href":"https:\/\/www.europesays.com\/ee\/wp-json\/wp\/v2\/tags?post=59048"}],"curies":[{"name":"wp","href":"https:\/\/api.w.org\/{rel}","templated":true}]}}