{"id":59181,"date":"2025-12-07T17:52:27","date_gmt":"2025-12-07T17:52:27","guid":{"rendered":"https:\/\/www.europesays.com\/ee\/59181\/"},"modified":"2025-12-07T17:52:27","modified_gmt":"2025-12-07T17:52:27","slug":"kulavahelood-%e2%9f%a9-kuningriigi-33-sunnipaev-koos-kulalistega-uzupise-vabariigist","status":"publish","type":"post","link":"https:\/\/www.europesays.com\/ee\/59181\/","title":{"rendered":"K\u00dcLAVAHELOOD \u27e9 Kuningriigi 33. s\u00fcnnip\u00e4ev koos k\u00fclalistega U\u017eupise vabariigist"},"content":{"rendered":"<p>S\u00e4\u00e4rel P\u00e4\u00e4stlase majas v\u00f5\u00f5rustasid kuningas Kristian I ja kuningriigi alamad k\u00fclalisi Leedumaalt U\u017eupise vabariigist, mis asub Vilniuse vanalinnas. Torgu kuningriigi aukonsuliks U\u017eupise vabariigis ja kogu Leedu territooriumil kinnitati Tema ekstsellents Tomas \u010cepaitis, kes on ka U\u017eupise vabariigi v\u00e4lisminister. Tomas \u010cepaitis on leedu kirjanik ja t\u00f5lkija.<\/p>\n<p>Torgu kuningriigi esimene kuningas oli Kirill Teiter. Kuningaks l\u00f6\u00f6mise tseremoonia leidis aset 28. novembril 1992. Taga S\u00f5rve rahvas andis oma kuningale ametinimeks Kirill I. P\u00e4rast Kirill I surma 2022. aastal sai rahva tahtel uueks kuningaks Kirill I poeg Kristian, kelle ametinimi on Kristian I.<\/p>\n<p>Kuningriigi s\u00fcnnip\u00e4eval sai saatejuht k\u00f5igepealt jutule kuningriigi vardja Kaupo Vipiga, kes teeb \u00fclevaate l\u00f5ppeva aasta s\u00fcndmustest. Kuningas Kristian I r\u00e4\u00e4kis oma tegemistest v\u00e4ljaspool kuningriiki. Kutsutute hulgas oli ka Liina Saluj\u00f5e, Eesti Saarte Kogu juhatuse liige, Eesti Kultuuriseltside \u00dchenduse tegevjuht, kes andis teada, et 1. &#8211; 4. juulini toimub S\u00f5rves eesti kultuuriseltside suvekool.<\/p>\n<p>\u00d5pitakse tundma S\u00f5rve p\u00e4rimust ja Salme viikngite lugu. Kuningriigi n\u00f5unik Leo Filippov k\u00e4is v\u00e4lja huvitavad ideed, millega edaspidi v\u00f5iks tegelema hakata. S\u00fcnnip\u00e4evalised vaatasid filme, mis t\u00e4navu salvestati. Sellistel t\u00e4htsatel koosviibimistel ei saa l\u00e4bi lauluta. Kaupo Vipp v\u00f5ttis viisi \u00fcles.<\/p>\n<p>Saates avaldavad oma m\u00f5tteid nii s\u00fcnnip\u00e4evalised kui ka k\u00fclalised.<\/p>\n","protected":false},"excerpt":{"rendered":"S\u00e4\u00e4rel P\u00e4\u00e4stlase majas v\u00f5\u00f5rustasid kuningas Kristian I ja kuningriigi alamad k\u00fclalisi Leedumaalt U\u017eupise vabariigist, mis asub Vilniuse vanalinnas.&hellip;\n","protected":false},"author":2,"featured_media":59182,"comment_status":"","ping_status":"","sticky":false,"template":"","format":"standard","meta":{"footnotes":""},"categories":[12],"tags":[26,27,37,33,35,34,36,31,32,21,24252,29976,29975,28,29,115,29970,19,25,29971,19292,29974,29973,23,24,29972,22,20,29969,30],"class_list":{"0":"post-59181","1":"post","2":"type-post","3":"status-publish","4":"format-standard","5":"has-post-thumbnail","7":"category-eesti","8":"tag-breaking-news","9":"tag-breakingnews","10":"tag-ee","11":"tag-eesti","12":"tag-eesti-keel","13":"tag-estonia","14":"tag-estonian","15":"tag-featured-news","16":"tag-featurednews","17":"tag-headlines","18":"tag-kaupo-vipp","19":"tag-kirill-i","20":"tag-kristian-i","21":"tag-latest-news","22":"tag-latestnews","23":"tag-leedu","24":"tag-liina-salujoe","25":"tag-news","26":"tag-populaarseimad-lood","27":"tag-sorve","28":"tag-sunnipaev","29":"tag-suvemaja","30":"tag-tomas-cepaitis","31":"tag-top-stories","32":"tag-topstories","33":"tag-torgu-kuningriik","34":"tag-uldised-uudised","35":"tag-uudised","36":"tag-uzupise-vabariik","37":"tag-viimased-uudised"},"share_on_mastodon":{"url":"https:\/\/pubeurope.com\/@ee\/115679562664913610","error":""},"_links":{"self":[{"href":"https:\/\/www.europesays.com\/ee\/wp-json\/wp\/v2\/posts\/59181","targetHints":{"allow":["GET"]}}],"collection":[{"href":"https:\/\/www.europesays.com\/ee\/wp-json\/wp\/v2\/posts"}],"about":[{"href":"https:\/\/www.europesays.com\/ee\/wp-json\/wp\/v2\/types\/post"}],"author":[{"embeddable":true,"href":"https:\/\/www.europesays.com\/ee\/wp-json\/wp\/v2\/users\/2"}],"replies":[{"embeddable":true,"href":"https:\/\/www.europesays.com\/ee\/wp-json\/wp\/v2\/comments?post=59181"}],"version-history":[{"count":0,"href":"https:\/\/www.europesays.com\/ee\/wp-json\/wp\/v2\/posts\/59181\/revisions"}],"wp:featuredmedia":[{"embeddable":true,"href":"https:\/\/www.europesays.com\/ee\/wp-json\/wp\/v2\/media\/59182"}],"wp:attachment":[{"href":"https:\/\/www.europesays.com\/ee\/wp-json\/wp\/v2\/media?parent=59181"}],"wp:term":[{"taxonomy":"category","embeddable":true,"href":"https:\/\/www.europesays.com\/ee\/wp-json\/wp\/v2\/categories?post=59181"},{"taxonomy":"post_tag","embeddable":true,"href":"https:\/\/www.europesays.com\/ee\/wp-json\/wp\/v2\/tags?post=59181"}],"curies":[{"name":"wp","href":"https:\/\/api.w.org\/{rel}","templated":true}]}}