{"id":59256,"date":"2025-12-07T20:45:13","date_gmt":"2025-12-07T20:45:13","guid":{"rendered":"https:\/\/www.europesays.com\/ee\/59256\/"},"modified":"2025-12-07T20:45:13","modified_gmt":"2025-12-07T20:45:13","slug":"uhke-rootsi-klubis-palliv-eestlane-krooniti-skandinaavia-tsempioniks-soccernet-ee","status":"publish","type":"post","link":"https:\/\/www.europesays.com\/ee\/59256\/","title":{"rendered":"Uhke! Rootsi klubis palliv eestlane krooniti Skandinaavia t\u0161empioniks &#8211; Soccernet.ee"},"content":{"rendered":"<p><img decoding=\"async\" src=\"https:\/\/www.europesays.com\/ee\/wp-content\/uploads\/2025\/12\/1765129639.jpg\" alt=\"Markus Kasemaa Jarl. Foto: IFK G\u00f6teborg\"\/>&#13;\n<\/p>\n<p>Eesti U18 koondislane Markus Kasemaa Jarl krooniti IFK G\u00f6teborgi ridades omavanuste Skandinaavia meistriks.<\/p>\n<p>Mullu juulis teatas G\u00f6teborg, et nendega liitub perspektiivikas Viimsi m\u00e4ngija Jarl, kes oli tolleks hetkeks pidanud seitse m\u00e4ngu Esiliigas. &#8220;Minu eesm\u00e4rgid on k\u00f5rged: soovin aidata meeskonnal saavutada h\u00e4id tulemusi tulevastel v\u00f5istlustel ja m\u00e4ngudel ning samal ajal areneda individuaalselt m\u00e4ngijana igas jalgpalli aspektis,&#8221; r\u00e4\u00e4kis Jarl eelmisel aastal p\u00e4rast klubivahetust.&#13;\n<\/p>\n<p>\u00dcks tema sihtidest sai teoks. Nimelt \u00f5nnestus G\u00f6teborgil v\u00f5ita U18 vanuseklassi Skandinaavia liiga. Grupifaasis\u00a0tehti 2:2 viik rootslaste Brommapojkarnaga, seej\u00e4rel v\u00f5ideti 5:1 norralaste Valerengat ning viimases m\u00e4ngus oldi 3:2 paremad taanlaste Br\u00f6ndbyst. Finaalis ootas G\u00f6teborgi tiimi ees Taani klubi Nordsjaelland, kes alistati samuti 3:2.&#13;\n<\/p>\n<p>Suurema osa turniirist vasakpoolse \u00e4\u00e4rikuna tegutsenud Jarl sai esimeses m\u00e4ngus kirja 70 minutit ja \u00fche v\u00e4rava, teises mat\u0161is oli ta platsil k\u00f5ik 90 minutit ning andis \u00fche v\u00e4ravas\u00f6\u00f6du, kolmandas grupim\u00e4ngus toimetas ta v\u00e4ljakul 65 minutit. Finaalis tegi eestlane kaasa esimese poolaja.<\/p>\n<blockquote class=\"instagram-media\" data-instgrm-captioned=\"\" data-instgrm-permalink=\"https:\/\/www.instagram.com\/p\/DR-BoW5iLP7\/?utm_source=ig_embed&amp;utm_campaign=loading\" data-instgrm-version=\"14\" style=\" background:#FFF; border:0; border-radius:3px; box-shadow:0 0 1px 0 rgba(0,0,0,0.5),0 1px 10px 0 rgba(0,0,0,0.15); margin: 1px; max-width:540px; min-width:326px; padding:0; width:99.375%; width:-webkit-calc(100% - 2px); width:calc(100% - 2px);\"><p>&#13;<br \/>\n&#13;\n<\/p><\/blockquote>\n<p>          <script async src=\"\/\/www.instagram.com\/embed.js\"><\/script><\/p>\n","protected":false},"excerpt":{"rendered":"&#13; Eesti U18 koondislane Markus Kasemaa Jarl krooniti IFK G\u00f6teborgi ridades omavanuste Skandinaavia meistriks. Mullu juulis teatas G\u00f6teborg,&hellip;\n","protected":false},"author":2,"featured_media":59257,"comment_status":"","ping_status":"","sticky":false,"template":"","format":"standard","meta":{"footnotes":"","_share_on_mastodon":"0"},"categories":[18],"tags":[37,33,35,917,34,36,2553,29996,29997,29998,159,158],"class_list":["post-59256","post","type-post","status-publish","format-standard","has-post-thumbnail","category-sport","tag-ee","tag-eesti","tag-eesti-keel","tag-eestlased-voorsil","tag-estonia","tag-estonian","tag-goteborg","tag-ifk-goteborg","tag-jarl","tag-markus-kasemaa-jarl","tag-sport","tag-sports"],"share_on_mastodon":{"url":"https:\/\/pubeurope.com\/@ee\/115680242888157675","error":""},"_links":{"self":[{"href":"https:\/\/www.europesays.com\/ee\/wp-json\/wp\/v2\/posts\/59256","targetHints":{"allow":["GET"]}}],"collection":[{"href":"https:\/\/www.europesays.com\/ee\/wp-json\/wp\/v2\/posts"}],"about":[{"href":"https:\/\/www.europesays.com\/ee\/wp-json\/wp\/v2\/types\/post"}],"author":[{"embeddable":true,"href":"https:\/\/www.europesays.com\/ee\/wp-json\/wp\/v2\/users\/2"}],"replies":[{"embeddable":true,"href":"https:\/\/www.europesays.com\/ee\/wp-json\/wp\/v2\/comments?post=59256"}],"version-history":[{"count":0,"href":"https:\/\/www.europesays.com\/ee\/wp-json\/wp\/v2\/posts\/59256\/revisions"}],"wp:featuredmedia":[{"embeddable":true,"href":"https:\/\/www.europesays.com\/ee\/wp-json\/wp\/v2\/media\/59257"}],"wp:attachment":[{"href":"https:\/\/www.europesays.com\/ee\/wp-json\/wp\/v2\/media?parent=59256"}],"wp:term":[{"taxonomy":"category","embeddable":true,"href":"https:\/\/www.europesays.com\/ee\/wp-json\/wp\/v2\/categories?post=59256"},{"taxonomy":"post_tag","embeddable":true,"href":"https:\/\/www.europesays.com\/ee\/wp-json\/wp\/v2\/tags?post=59256"}],"curies":[{"name":"wp","href":"https:\/\/api.w.org\/{rel}","templated":true}]}}