{"id":59421,"date":"2025-12-08T08:19:17","date_gmt":"2025-12-08T08:19:17","guid":{"rendered":"https:\/\/www.europesays.com\/ee\/59421\/"},"modified":"2025-12-08T08:19:17","modified_gmt":"2025-12-08T08:19:17","slug":"aktsiaseltsi-infortar-oma-aktsiate-omandamise-tehingud-6","status":"publish","type":"post","link":"https:\/\/www.europesays.com\/ee\/59421\/","title":{"rendered":"Aktsiaseltsi Infortar oma aktsiate omandamise tehingud"},"content":{"rendered":"<p>Aktsiaselts Infortar on perioodil 1 &#8211; 5. detsember 2025 omandanud Nasdaq Tallinna b\u00f6rsil oma aktsiaid allj\u00e4rgnevalt:<\/p>\n<tr>\n<td style=\"width:18.54%;;border-top: solid black 1pt ; border-right: solid black 1pt ; border-bottom: solid black 1pt ; border-left: solid black 1pt ; vertical-align: bottom ; \">Kuup\u00e4ev<\/td>\n<td style=\"width:23.06%;;border-top: solid black 1pt ; border-right: solid black 1pt ; border-bottom: solid black 1pt ; vertical-align: bottom ; \">Koondmaht (tk)<\/td>\n<td style=\"width:58.4%;;border-top: solid black 1pt ; border-right: solid black 1pt ; border-bottom: solid black 1pt ; vertical-align: bottom ; \">Kaalutud keskmine p\u00e4evahind (EUR)<\/td>\n<\/tr>\n<tr>\n<td style=\"width:18.54%;;border-right: solid black 1pt ; border-bottom: solid black 1pt ; border-left: solid black 1pt ; vertical-align: top ; \">1.12.2025<\/td>\n<td style=\"width:23.06%;;border-right: solid black 1pt ; border-bottom: solid black 1pt ; vertical-align: top ; \">&#8211;<\/td>\n<td style=\"width:58.4%;;border-right: solid black 1pt ; border-bottom: solid black 1pt ; vertical-align: top ; \">tehinguid ei toimunud<\/td>\n<\/tr>\n<tr>\n<td style=\"width:18.54%;;border-right: solid black 1pt ; border-bottom: solid black 1pt ; border-left: solid black 1pt ; vertical-align: top ; \">2.12.2025<\/td>\n<td style=\"width:23.06%;;border-right: solid black 1pt ; border-bottom: solid black 1pt ; vertical-align: top ; \">&#8211;<\/td>\n<td style=\"width:58.4%;;border-right: solid black 1pt ; border-bottom: solid black 1pt ; vertical-align: top ; \">tehinguid ei toimunud<\/td>\n<\/tr>\n<tr>\n<td style=\"width:18.54%;;border-right: solid black 1pt ; border-bottom: solid black 1pt ; border-left: solid black 1pt ; vertical-align: top ; \">3.12.2025<\/td>\n<td style=\"width:23.06%;;border-right: solid black 1pt ; border-bottom: solid black 1pt ; vertical-align: top ; \">&#8211;<\/td>\n<td style=\"width:58.4%;;border-right: solid black 1pt ; border-bottom: solid black 1pt ; vertical-align: top ; \">tehinguid ei toimunud<\/td>\n<\/tr>\n<tr>\n<td style=\"width:18.54%;;border-right: solid black 1pt ; border-bottom: solid black 1pt ; border-left: solid black 1pt ; vertical-align: top ; \">4.12.2025<\/td>\n<td style=\"width:23.06%;;border-right: solid black 1pt ; border-bottom: solid black 1pt ; vertical-align: top ; \">355<\/td>\n<td style=\"width:58.4%;;border-right: solid black 1pt ; border-bottom: solid black 1pt ; vertical-align: top ; \">45,1262<\/td>\n<\/tr>\n<tr>\n<td style=\"width:18.54%;;border-right: solid black 1pt ; border-bottom: solid black 1pt ; border-left: solid black 1pt ; vertical-align: top ; \">5.12.2025<\/td>\n<td style=\"width:23.06%;;border-right: solid black 1pt ; border-bottom: solid black 1pt ; vertical-align: top ; \">350<\/td>\n<td style=\"width:58.4%;;border-right: solid black 1pt ; border-bottom: solid black 1pt ; vertical-align: top ; \">45,7471<\/td>\n<\/tr>\n<p>Aktsiaselts Infortar omandab oma aktsiaid vastavalt <a href=\"https:\/\/www.globenewswire.com\/Tracker?data=HPwn6878knxay4sTyzWC0ZoE9px1InGrTDp-lDiuN0NXlKGJC_CmFpo9edQC1YBe-xyiso6rUOFrlPpdn5g1WgeMW-h5WkMTQyA5ge1hqjyEO2T2Izei84MnfXWgpkH8KULJ1CFK54LVxIUx_9kO6rEWepSjvvmAeGK-Ffg5oxo4PDhxnLK0ZAmYL1BWsCTDKG9CVy0Z0TjcfUhm5kCM6iG6TYJZRTauXMPxHdksnHXDU9Gm1q_XZO9uxwNGiD5rPxk0cAbzhCOk6Eoz6ghPFDFE5rkrgnkwIaS-Q3XkOiEH__UlokSxCI2aKPrta5GkRFPvN55hL5_OdgzdbfG1xo22EoJxoNLyq-QnewV5o0AouvDzgGswKAUqA0aaKZS_\" rel=\"nofollow noopener\" target=\"_blank\" title=\"20. oktoobril 2025 avalikustatud teatele\">20. oktoobril 2025 avalikustatud teatele<\/a>. Aktsiate tagasiostu t\u00e4ideviijaks ja korraldajaks on AS SEB Pank, kes teostab aktsiate tagasiostu Aktsiaseltsi Infortar nimel.<\/p>\n<p>Omandamiste koondandmed (omandatud aktsiate kogus ja kaalutud keskmine hind p\u00e4eva kaupa) avalikustatakse hiljemalt seitsmendal tehingup\u00e4evale j\u00e4rgneval kauplemisp\u00e4eval ning tehakse k\u00e4ttesaadavaks Finantsinspektsioonile, Nasdaq Tallinna b\u00f6rsis\u00fcsteemi kaudu ja Aktsiaseltsi Infortar investorlehel.<\/p>\n<p>T\u00e4psem teave tehingute kohta on lisatud sellele teatele.<\/p>\n<p>Infortar tegutseb seitsmes riigis, ettev\u00f5tte peamised tegevusvaldkonnad on meretransport, energeetika ja kinnisvara. Infortar omab 68,47 protsendi suurust osalust AS-is Tallink Grupp, 100% osalust AS-is Elenger Grupp ning mitmek\u00fclgset ja kaasaegset, ca 141 000 m2 suurust kinnisvaraportfelli. Lisaks kolmele p\u00f5hitegevusvaldkonnale tegutseb Infortar p\u00f5llumajanduse, insenerehituse, ehitusmaavarade, tr\u00fckkimise ja muudes valdkondades. Kokku kuulub Infortari kontserni 110 ettev\u00f5tet: 101 kontserni ettev\u00f5tet, 4 sidusettev\u00f5tet ja 5 sidusettev\u00f5tete t\u00fctarettev\u00f5tet. Arvestamata sidusettev\u00f5tteid annab Infortar t\u00f6\u00f6d 6558 inimesele.<\/p>\n<p>Lisainfo:<\/p>\n<p>Kadri Laanvee<br \/>AS Infortar investorsuhete juht<br \/>Tel. 5156662<br \/>E-mail:\u00a0<a href=\"https:\/\/www.globenewswire.com\/Tracker?data=YKQA0F_D2garMwmuGd6ZjxRd_htPFO9-k_Vm55ZTvZBFrjjTuzmLZ-1vO8pSdiQAGAyGGF4xzCheJpF4wNPn-qdf-OiunE1wyXE6x8viD3eoS033mycOxVBqaODSDHw7XYfbvvPh0t2VL9Z4bspAlA_aOMeeUMUEl77U76dqYX3659qVVWtR-GNnIifPRTGQ6bOGsdPAd793efwQdAVD5NVW9RXrRirb0IlkitiVrV8b7pEYyAqMI9cOWg1XibK-H3Q6UlMkc-dgDT2dt2T7q89offWSMAI8gEsK9ChE-fAn8_ejYimrqFiMpyFdCW76\" rel=\"nofollow noopener\" target=\"_blank\" title=\"kadri.laanvee@infortar.ee\">kadri.laanvee@infortar.ee<\/a><br \/><a href=\"https:\/\/www.globenewswire.com\/Tracker?data=PgmXUE_FrNLIoT4T6n_cELKYZyjlUof9o-nqxDgPnbQSCsMP1ooVHGslDC5gh-9Ywb0ox7qLwh0bJfpiOwYMdnQFClMJWKt851l4UhIQwJUyfz3cIew6757wjffaE4tNpC94h49syuMl15jz2c3rkaCz5zsJKwSV66hzXq0mZwSjy5ccPb3fa-wNiZ5fzuuXVkAZ1VNTxE_qSgt7HVZvcaD_aCt140YKKxv83J5QBGdy9yOcEVtB15BMNMVKbim0aGDB63pEpJoJQoxLdWa2QLXZN7Tt4H1QIS05ghv_g0yTZC__uNPtx1I2rLoKPmV1\" rel=\"nofollow noopener\" target=\"_blank\" title=\"www.infortar.ee\/investorile\">www.infortar.ee\/investorile<\/a><\/p>\n<p><img decoding=\"async\" alt=\"\" src=\"https:\/\/www.europesays.com\/ee\/wp-content\/uploads\/2025\/12\/1765181957_850_AS-Infortar.png\" referrerpolicy=\"no-referrer-when-downgrade\"\/><\/p>\n","protected":false},"excerpt":{"rendered":"Aktsiaselts Infortar on perioodil 1 &#8211; 5. detsember 2025 omandanud Nasdaq Tallinna b\u00f6rsil oma aktsiaid allj\u00e4rgnevalt: Kuup\u00e4ev Koondmaht&hellip;\n","protected":false},"author":2,"featured_media":23346,"comment_status":"","ping_status":"","sticky":false,"template":"","format":"standard","meta":{"footnotes":""},"categories":[14],"tags":[131,13140,130,37,33,35,34,36,13139],"class_list":{"0":"post-59421","1":"post","2":"type-post","3":"status-publish","4":"format-standard","5":"has-post-thumbnail","7":"category-ari","8":"tag-ari","9":"tag-as-infortar","10":"tag-business","11":"tag-ee","12":"tag-eesti","13":"tag-eesti-keel","14":"tag-estonia","15":"tag-estonian","16":"tag-tallinn-stock-exchangeinf1t"},"share_on_mastodon":{"url":"https:\/\/pubeurope.com\/@ee\/115682971801121918","error":""},"_links":{"self":[{"href":"https:\/\/www.europesays.com\/ee\/wp-json\/wp\/v2\/posts\/59421","targetHints":{"allow":["GET"]}}],"collection":[{"href":"https:\/\/www.europesays.com\/ee\/wp-json\/wp\/v2\/posts"}],"about":[{"href":"https:\/\/www.europesays.com\/ee\/wp-json\/wp\/v2\/types\/post"}],"author":[{"embeddable":true,"href":"https:\/\/www.europesays.com\/ee\/wp-json\/wp\/v2\/users\/2"}],"replies":[{"embeddable":true,"href":"https:\/\/www.europesays.com\/ee\/wp-json\/wp\/v2\/comments?post=59421"}],"version-history":[{"count":0,"href":"https:\/\/www.europesays.com\/ee\/wp-json\/wp\/v2\/posts\/59421\/revisions"}],"wp:featuredmedia":[{"embeddable":true,"href":"https:\/\/www.europesays.com\/ee\/wp-json\/wp\/v2\/media\/23346"}],"wp:attachment":[{"href":"https:\/\/www.europesays.com\/ee\/wp-json\/wp\/v2\/media?parent=59421"}],"wp:term":[{"taxonomy":"category","embeddable":true,"href":"https:\/\/www.europesays.com\/ee\/wp-json\/wp\/v2\/categories?post=59421"},{"taxonomy":"post_tag","embeddable":true,"href":"https:\/\/www.europesays.com\/ee\/wp-json\/wp\/v2\/tags?post=59421"}],"curies":[{"name":"wp","href":"https:\/\/api.w.org\/{rel}","templated":true}]}}