{"id":5960,"date":"2025-09-27T06:50:08","date_gmt":"2025-09-27T06:50:08","guid":{"rendered":"https:\/\/www.europesays.com\/ee\/5960\/"},"modified":"2025-09-27T06:50:08","modified_gmt":"2025-09-27T06:50:08","slug":"foto-sikk-ja-mugav-oprah-winfrey-demonstreeris-sugismoodi-mille-keskmes-on-selle-hooaja-uhed-stiilsemad-kingad","status":"publish","type":"post","link":"https:\/\/www.europesays.com\/ee\/5960\/","title":{"rendered":"FOTO | \u0160ikk ja mugav! Oprah Winfrey demonstreeris s\u00fcgismoodi, mille keskmes on selle hooaja \u00fched stiilsemad kingad"},"content":{"rendered":"<p>Mary Jane\u2019id on traditsiooniliselt madala kontsaga kingad, mille iseloomulikuks jooneks on \u00fcle jala kulgev rihm (v\u00f5i isegi mitu rihma), mis annab jalan\u00f5ule lapsep\u00f5lvest tuttava ja naiseliku v\u00e4limuse. Algup\u00e4raselt peeti neid pigem laste kingadeks v\u00f5i koolit\u00fcdrukute stiilis jalan\u00f5udeks, kuid t\u00e4nap\u00e4eval on need moeteadlike t\u00e4iskasvanute seas taas au sees ja eriti just 2025. aasta s\u00fcgisel.<\/p>\n","protected":false},"excerpt":{"rendered":"Mary Jane\u2019id on traditsiooniliselt madala kontsaga kingad, mille iseloomulikuks jooneks on \u00fcle jala kulgev rihm (v\u00f5i isegi mitu&hellip;\n","protected":false},"author":2,"featured_media":5961,"comment_status":"","ping_status":"","sticky":false,"template":"","format":"standard","meta":{"footnotes":"","_share_on_mastodon":"0"},"categories":[16],"tags":[37,33,35,173,34,36,4862,140,4861],"class_list":["post-5960","post","type-post","status-publish","format-standard","has-post-thumbnail","category-meelelahutus","tag-ee","tag-eesti","tag-eesti-keel","tag-entertainment","tag-estonia","tag-estonian","tag-jalanoud","tag-meelelahutus","tag-oprah-winfrey"],"share_on_mastodon":{"url":"","error":""},"_links":{"self":[{"href":"https:\/\/www.europesays.com\/ee\/wp-json\/wp\/v2\/posts\/5960","targetHints":{"allow":["GET"]}}],"collection":[{"href":"https:\/\/www.europesays.com\/ee\/wp-json\/wp\/v2\/posts"}],"about":[{"href":"https:\/\/www.europesays.com\/ee\/wp-json\/wp\/v2\/types\/post"}],"author":[{"embeddable":true,"href":"https:\/\/www.europesays.com\/ee\/wp-json\/wp\/v2\/users\/2"}],"replies":[{"embeddable":true,"href":"https:\/\/www.europesays.com\/ee\/wp-json\/wp\/v2\/comments?post=5960"}],"version-history":[{"count":0,"href":"https:\/\/www.europesays.com\/ee\/wp-json\/wp\/v2\/posts\/5960\/revisions"}],"wp:featuredmedia":[{"embeddable":true,"href":"https:\/\/www.europesays.com\/ee\/wp-json\/wp\/v2\/media\/5961"}],"wp:attachment":[{"href":"https:\/\/www.europesays.com\/ee\/wp-json\/wp\/v2\/media?parent=5960"}],"wp:term":[{"taxonomy":"category","embeddable":true,"href":"https:\/\/www.europesays.com\/ee\/wp-json\/wp\/v2\/categories?post=5960"},{"taxonomy":"post_tag","embeddable":true,"href":"https:\/\/www.europesays.com\/ee\/wp-json\/wp\/v2\/tags?post=5960"}],"curies":[{"name":"wp","href":"https:\/\/api.w.org\/{rel}","templated":true}]}}