{"id":59905,"date":"2025-12-08T17:00:07","date_gmt":"2025-12-08T17:00:07","guid":{"rendered":"https:\/\/www.europesays.com\/ee\/59905\/"},"modified":"2025-12-08T17:00:07","modified_gmt":"2025-12-08T17:00:07","slug":"eesti-hokinoored-mangisid-mm-i-avamangus-korraliku-edu-maha-jaahoki","status":"publish","type":"post","link":"https:\/\/www.europesays.com\/ee\/59905\/","title":{"rendered":"Eesti hokinoored m\u00e4ngisid MM-i avam\u00e4ngus korraliku edu maha | J\u00e4\u00e4hoki"},"content":{"rendered":"<p>Eesti kuni 20-aastaste j\u00e4\u00e4hokikoondis kaotas esimese divisjoni B-grupi maailmameistriv\u00f5istluste avam\u00e4ngus Milanos karistusvisete j\u00e4rel Jaapanile 3:4 (2:0, 1:2, 0:1, 0:0, 0:1).<\/p>\n<p>Maksim Burkov viis Eesti juba 28. sekundil juhtima ja kuuendal minutil kasvatas Arseni Koltsov edu veelgi. Paavel Tammerti v\u00e4rav teise kolmandiku alguses t\u00e4hendas seisu 3:0 Eestile.<\/p>\n<p>Paraku \u00f5nnestus Jaapanil raskest seisust m\u00e4ngu tagasi tulla: teise kolmandiku l\u00f5pus v\u00e4hendati vahe minimaalseks ja viimasel perioodil leiti ka viigiseisu t\u00e4histanud kolmas tabamus.<\/p>\n<p>Lisaaeg j\u00e4tku ei toonud, aga karistusvisete seerias olid t\u00e4psemad jaapanlased. Seejuures ei suutnud \u00fckski neljast Eesti koondise m\u00e4ngijat litrit v\u00e4ravasse toimetada.<\/p>\n<p>Eesti koondise m\u00e4ngu parimaks valiti Burkov.<\/p>\n<p>Teisip\u00e4eval, 9. detsembril l\u00e4heb Eesti U-20 koondis vastamisi Ungari eakaaslastega.<\/p>\n","protected":false},"excerpt":{"rendered":"Eesti kuni 20-aastaste j\u00e4\u00e4hokikoondis kaotas esimese divisjoni B-grupi maailmameistriv\u00f5istluste avam\u00e4ngus Milanos karistusvisete j\u00e4rel Jaapanile 3:4 (2:0, 1:2, 0:1,&hellip;\n","protected":false},"author":2,"featured_media":59906,"comment_status":"","ping_status":"","sticky":false,"template":"","format":"standard","meta":{"footnotes":""},"categories":[18],"tags":[37,33,35,30350,34,36,30349,159,158],"class_list":{"0":"post-59905","1":"post","2":"type-post","3":"status-publish","4":"format-standard","5":"has-post-thumbnail","7":"category-sport","8":"tag-ee","9":"tag-eesti","10":"tag-eesti-keel","11":"tag-eesti-u-20-jaahokikoondis","12":"tag-estonia","13":"tag-estonian","14":"tag-jaahoki-u-20-mm","15":"tag-sport","16":"tag-sports"},"share_on_mastodon":{"url":"https:\/\/pubeurope.com\/@ee\/115685020420896705","error":""},"_links":{"self":[{"href":"https:\/\/www.europesays.com\/ee\/wp-json\/wp\/v2\/posts\/59905","targetHints":{"allow":["GET"]}}],"collection":[{"href":"https:\/\/www.europesays.com\/ee\/wp-json\/wp\/v2\/posts"}],"about":[{"href":"https:\/\/www.europesays.com\/ee\/wp-json\/wp\/v2\/types\/post"}],"author":[{"embeddable":true,"href":"https:\/\/www.europesays.com\/ee\/wp-json\/wp\/v2\/users\/2"}],"replies":[{"embeddable":true,"href":"https:\/\/www.europesays.com\/ee\/wp-json\/wp\/v2\/comments?post=59905"}],"version-history":[{"count":0,"href":"https:\/\/www.europesays.com\/ee\/wp-json\/wp\/v2\/posts\/59905\/revisions"}],"wp:featuredmedia":[{"embeddable":true,"href":"https:\/\/www.europesays.com\/ee\/wp-json\/wp\/v2\/media\/59906"}],"wp:attachment":[{"href":"https:\/\/www.europesays.com\/ee\/wp-json\/wp\/v2\/media?parent=59905"}],"wp:term":[{"taxonomy":"category","embeddable":true,"href":"https:\/\/www.europesays.com\/ee\/wp-json\/wp\/v2\/categories?post=59905"},{"taxonomy":"post_tag","embeddable":true,"href":"https:\/\/www.europesays.com\/ee\/wp-json\/wp\/v2\/tags?post=59905"}],"curies":[{"name":"wp","href":"https:\/\/api.w.org\/{rel}","templated":true}]}}