{"id":60422,"date":"2025-12-09T10:53:08","date_gmt":"2025-12-09T10:53:08","guid":{"rendered":"https:\/\/www.europesays.com\/ee\/60422\/"},"modified":"2025-12-09T10:53:08","modified_gmt":"2025-12-09T10:53:08","slug":"rakendusliku-kolledzi-oppur-nimetati-parimaks-praktikandiks","status":"publish","type":"post","link":"https:\/\/www.europesays.com\/ee\/60422\/","title":{"rendered":"Rakendusliku kolled\u017ei \u00f5ppur nimetati parimaks praktikandiks"},"content":{"rendered":"<p>Keevitajaks \u00f5ppiv Elder-V\u00f5su nimetati parimaks praktikandiks kutsehariduse valdkonnas. Ta sooritas esimese kursuse \u00f5ppurina praktika metallit\u00f6\u00f6stuses Tarmetec, praktikajuhendajateks Juri Pist\u0161ikov ja Kaarel Rodima.<\/p>\n<p>Eesti t\u00f6\u00f6andjate keskliidu volikogu liige, t\u00f6\u00f6turu t\u00f6\u00f6r\u00fchma juht ja konkursi \u017e\u00fcrii liige Ain K\u00e4pp selgitas, et 10. aastap\u00e4eva t\u00e4histav konkurss t\u00f5estab, kuidas praktikav\u00f5imaluste pakkumine annab konkurentsieelise nii t\u00f6\u00f6andjale kui noorele.<\/p>\n","protected":false},"excerpt":{"rendered":"Keevitajaks \u00f5ppiv Elder-V\u00f5su nimetati parimaks praktikandiks kutsehariduse valdkonnas. Ta sooritas esimese kursuse \u00f5ppurina praktika metallit\u00f6\u00f6stuses Tarmetec, praktikajuhendajateks Juri&hellip;\n","protected":false},"author":2,"featured_media":60423,"comment_status":"","ping_status":"","sticky":false,"template":"","format":"standard","meta":{"footnotes":"","_share_on_mastodon":"0"},"categories":[5],"tags":[26,27,37,33,35,5619,34,36,31,32,30667,21,30669,30668,4963,648,28,29,19,30666,25,4071,23,24,22,20,30],"class_list":["post-60422","post","type-post","status-publish","format-standard","has-post-thumbnail","category-uldised-uudised","tag-breaking-news","tag-breakingnews","tag-ee","tag-eesti","tag-eesti-keel","tag-eesti-tooandjate-keskliit","tag-estonia","tag-estonian","tag-featured-news","tag-featurednews","tag-hannes-elder-vosu","tag-headlines","tag-juri-pistsikov","tag-kaarel-rodima","tag-keevitaja","tag-kristina-kallas","tag-latest-news","tag-latestnews","tag-news","tag-parim-praktika-2025","tag-populaarseimad-lood","tag-tartu-rakenduslik-kolledz","tag-top-stories","tag-topstories","tag-uldised-uudised","tag-uudised","tag-viimased-uudised"],"share_on_mastodon":{"url":"https:\/\/pubeurope.com\/@ee\/115689239541162183","error":""},"_links":{"self":[{"href":"https:\/\/www.europesays.com\/ee\/wp-json\/wp\/v2\/posts\/60422","targetHints":{"allow":["GET"]}}],"collection":[{"href":"https:\/\/www.europesays.com\/ee\/wp-json\/wp\/v2\/posts"}],"about":[{"href":"https:\/\/www.europesays.com\/ee\/wp-json\/wp\/v2\/types\/post"}],"author":[{"embeddable":true,"href":"https:\/\/www.europesays.com\/ee\/wp-json\/wp\/v2\/users\/2"}],"replies":[{"embeddable":true,"href":"https:\/\/www.europesays.com\/ee\/wp-json\/wp\/v2\/comments?post=60422"}],"version-history":[{"count":0,"href":"https:\/\/www.europesays.com\/ee\/wp-json\/wp\/v2\/posts\/60422\/revisions"}],"wp:featuredmedia":[{"embeddable":true,"href":"https:\/\/www.europesays.com\/ee\/wp-json\/wp\/v2\/media\/60423"}],"wp:attachment":[{"href":"https:\/\/www.europesays.com\/ee\/wp-json\/wp\/v2\/media?parent=60422"}],"wp:term":[{"taxonomy":"category","embeddable":true,"href":"https:\/\/www.europesays.com\/ee\/wp-json\/wp\/v2\/categories?post=60422"},{"taxonomy":"post_tag","embeddable":true,"href":"https:\/\/www.europesays.com\/ee\/wp-json\/wp\/v2\/tags?post=60422"}],"curies":[{"name":"wp","href":"https:\/\/api.w.org\/{rel}","templated":true}]}}