{"id":60527,"date":"2025-12-09T12:53:10","date_gmt":"2025-12-09T12:53:10","guid":{"rendered":"https:\/\/www.europesays.com\/ee\/60527\/"},"modified":"2025-12-09T12:53:10","modified_gmt":"2025-12-09T12:53:10","slug":"ossinovski-maksis-linnaosavanematele-lahkumishuvitist-kokku-56-000-eurot-eesti","status":"publish","type":"post","link":"https:\/\/www.europesays.com\/ee\/60527\/","title":{"rendered":"Ossinovski maksis linnaosavanematele lahkumish\u00fcvitist kokku 56 000 eurot | Eesti"},"content":{"rendered":"<p>Vahetult enne Tallinna linnapea ametist lahkumist k\u00e4skis sotsiaaldemokraat Jevgeni Ossinovski maksta rahalisi boonuseid viiele linnaosa vanemale, kes uue linnavalitsuse all ametis ei j\u00e4tkanud.<\/p>\n<p>Ossinovski esmasp\u00e4eval allkirjastatud korralduse kohaselt on Lasnam\u00e4e vanemal Julianna Jurt\u0161enkol (Sotsiaaldemokraatlik Erakond) \u00f5igus saada 2025. aasta tulemuste p\u00f5hjal 13 463,26 eurot h\u00fcvitist.<\/p>\n<p>P\u00f5hja-Tallinna vanemale K\u00fclli Tammurile (Eesti 200) makstakse sama suur h\u00fcvitis.<\/p>\n<p>N\u00f5mme ja Kristiine vanemale Karmo Kurile (Sotsiaaldemokraatlik Erakond) ja Renata Lukkile (Eesti 200) makstakse kummalegi 12 501,6 eurot.<\/p>\n<p>Lisaks m\u00e4\u00e4rati Pirita vanemale Ivan Lavrentjevile (Sotsiaaldemokraatlik Partei) \u00fchekordne preemia 4400 eurot kohusetundliku t\u00f6\u00f6 eest.<\/p>\n<p>Lisatasudeta j\u00e4id erakonna Isamaa Haabersti, Mustam\u00e4e ja Kesklinna linnaosavanemad Anna Levandi, Maarja-Liisa Veiser ja Ahti Kallikorm. Isamaa astus Tallinnas koalitsiooni Keskerakonnaga.<\/p>\n<p><a href=\"https:\/\/www.delfi.ee\/artikkel\/120422504\/ossinovski-juhitud-linnavalitsuse-nounikud-lahkusid-ametist-priskete-preemiatega-kahel-juhul-oli-summa-8000-euro-ligi\" target=\"_blank\" rel=\"noopener nofollow\">Delfi teatel<\/a> premeeris Ossinovski ka oma n\u00f5unikke tuhandete eurodega.<\/p>\n<p>Linnapea b\u00fcroo juht Katri Eespere sai 8400 eurot. Ossinovski kommunikatsioonin\u00f5unikud Julia Tisler ning Anni T\u00fcrkson vastavalt 6400 eurot ja 5400 eurot. Nende k\u00f5rval oli eksmeeril veel mitu n\u00f5unikku &#8211; Natalie Mets lahkus 7800 euroga, Kris S\u00fcld 6260 euroga ning Dmitri Kulikov 3100 euroga, kirjutas Delfi.<\/p>\n<p>Ossinovski allkirjastas korralduse vaid m\u00f5ni tund enne seda, kui Tallinna linnavolikogu valis Isamaa poolt pakutud kandidaadi Peeter Raudsepa uueks linnapeaks ja kinnitas linnavalitsuse uue koosseisu.<\/p>\n<p>Koalitsioonilepingu j\u00e4rgi valitseb Mustam\u00e4ed, Kristiine ja N\u00f5mmet Isamaa, \u00fclej\u00e4\u00e4nud viis ringkonda aga Keskerakonna k\u00e4es.<\/p>\n<p>Teisip\u00e4eval, oma esimesel koosolekul, vallandas uus linnavalitsus k\u00f5ik linnaosa vanemad ametist.<\/p>\n","protected":false},"excerpt":{"rendered":"Vahetult enne Tallinna linnapea ametist lahkumist k\u00e4skis sotsiaaldemokraat Jevgeni Ossinovski maksta rahalisi boonuseid viiele linnaosa vanemale, kes uue&hellip;\n","protected":false},"author":2,"featured_media":60528,"comment_status":"","ping_status":"","sticky":false,"template":"","format":"standard","meta":{"footnotes":"","_share_on_mastodon":"0"},"categories":[12],"tags":[26,27,37,33,35,34,36,31,32,21,853,30710,28,29,30709,4008,19,25,4786,23,24,22,20,30],"class_list":["post-60527","post","type-post","status-publish","format-standard","has-post-thumbnail","category-eesti","tag-breaking-news","tag-breakingnews","tag-ee","tag-eesti","tag-eesti-keel","tag-estonia","tag-estonian","tag-featured-news","tag-featurednews","tag-headlines","tag-jevgeni-ossinovski","tag-lahkumishuvitis","tag-latest-news","tag-latestnews","tag-linnaosavanemad","tag-linnapea","tag-news","tag-populaarseimad-lood","tag-sotsiaaldemokraatlik-erakond","tag-top-stories","tag-topstories","tag-uldised-uudised","tag-uudised","tag-viimased-uudised"],"share_on_mastodon":{"url":"https:\/\/pubeurope.com\/@ee\/115689711470432344","error":""},"_links":{"self":[{"href":"https:\/\/www.europesays.com\/ee\/wp-json\/wp\/v2\/posts\/60527","targetHints":{"allow":["GET"]}}],"collection":[{"href":"https:\/\/www.europesays.com\/ee\/wp-json\/wp\/v2\/posts"}],"about":[{"href":"https:\/\/www.europesays.com\/ee\/wp-json\/wp\/v2\/types\/post"}],"author":[{"embeddable":true,"href":"https:\/\/www.europesays.com\/ee\/wp-json\/wp\/v2\/users\/2"}],"replies":[{"embeddable":true,"href":"https:\/\/www.europesays.com\/ee\/wp-json\/wp\/v2\/comments?post=60527"}],"version-history":[{"count":0,"href":"https:\/\/www.europesays.com\/ee\/wp-json\/wp\/v2\/posts\/60527\/revisions"}],"wp:featuredmedia":[{"embeddable":true,"href":"https:\/\/www.europesays.com\/ee\/wp-json\/wp\/v2\/media\/60528"}],"wp:attachment":[{"href":"https:\/\/www.europesays.com\/ee\/wp-json\/wp\/v2\/media?parent=60527"}],"wp:term":[{"taxonomy":"category","embeddable":true,"href":"https:\/\/www.europesays.com\/ee\/wp-json\/wp\/v2\/categories?post=60527"},{"taxonomy":"post_tag","embeddable":true,"href":"https:\/\/www.europesays.com\/ee\/wp-json\/wp\/v2\/tags?post=60527"}],"curies":[{"name":"wp","href":"https:\/\/api.w.org\/{rel}","templated":true}]}}