{"id":60751,"date":"2025-12-09T18:33:13","date_gmt":"2025-12-09T18:33:13","guid":{"rendered":"https:\/\/www.europesays.com\/ee\/60751\/"},"modified":"2025-12-09T18:33:13","modified_gmt":"2025-12-09T18:33:13","slug":"delfi-ukrainas-meie-riskime-siin-eluga-aga-neil-on-hoopis-teised-mured-sodurite-sonul-mojub-korruptsioon-rangemalt-kui-rinne","status":"publish","type":"post","link":"https:\/\/www.europesays.com\/ee\/60751\/","title":{"rendered":"DELFI UKRAINAS | \u201eMeie riskime siin eluga, aga neil on hoopis teised mured.\u201c S\u00f5durite s\u00f5nul m\u00f5jub korruptsioon r\u00e4ngemalt kui rinne"},"content":{"rendered":"<p>J\u00f5uame s\u00f5durite juurde koos vabatahtlikega, kes on toonud siia mitu annetuste eest ostetud mootorratast. Selliseid rattaid kasutavad siin v\u00e4ikesed taktikalised r\u00fchmad. Meid v\u00f5tavad vastu kolm v\u00f5itlejat, kes teenivad 82. \u00fcksikus dessant-r\u00fcndebrigaadis Bukov\u00f5na. Need on droonioperaatorid Sam ja Aleks ning autojuht kutsungiga Man.<\/p>\n<p>Aleks tuleb \u00f5ue tsiviilriietes, selgitades, et t\u00e4na ei ole ta eesliinil ning nii saab ta ka s\u00f5jav\u00e4evormist puhata. Vabatahtlikud annavad mootorrattad talle \u00fcle. P\u00e4rast seda viivad s\u00f5durid meid oma v\u00e4ikesesse t\u00f6\u00f6kotta, kus on lauad ja riiulid t\u00e4is t\u00f6\u00f6riistu, droonikorpusi, akusid ja jootekolbe. See ruum ei ole m\u00f5eldud ainult \u201elindude\u201c ehk <a rel=\"noopener nofollow\" target=\"_blank\" href=\"https:\/\/www.delfi.ee\/teema\/96857000\/droonid-1\" tag-id=\"96857000\">droonide<\/a> kokkupanemiseks ja parandamiseks, vaid s\u00f5durid ka elavad siin v\u00e4ljas\u00f5itude vahepeal.<\/p>\n<p>Oled juba tellija?  Logi sisse <\/p>\n<p>       <a href=\"https:\/\/www.delfi.ee\/artikkel\/120422461\/delfi-ukrainas-meie-riskime-siin-eluga-aga-neil-on-hoopis-teised-mured-sodurite-sonul-mojub-korruptsioon-rangemalt-kui-rinne\/kommentaarid\" class=\"article-body-bottom__comment article-body-bottom__comment--write button button--primary button--size-auto\" rel=\"nofollow noopener\" target=\"_blank\"><br \/>\n        Kommenteeri<br \/>\n       <\/a> <a href=\"https:\/\/www.delfi.ee\/artikkel\/120422461\/delfi-ukrainas-meie-riskime-siin-eluga-aga-neil-on-hoopis-teised-mured-sodurite-sonul-mojub-korruptsioon-rangemalt-kui-rinne\/kommentaarid\" class=\"article-body-bottom__comment article-body-bottom__comment--read button button--size-auto\" rel=\"nofollow noopener\" target=\"_blank\"><br \/>\n        Loe kommentaare (3) <\/a>  <\/p>\n","protected":false},"excerpt":{"rendered":"J\u00f5uame s\u00f5durite juurde koos vabatahtlikega, kes on toonud siia mitu annetuste eest ostetud mootorratast. Selliseid rattaid kasutavad siin&hellip;\n","protected":false},"author":2,"featured_media":60752,"comment_status":"","ping_status":"","sticky":false,"template":"","format":"standard","meta":{"footnotes":"","_share_on_mastodon":"0"},"categories":[80],"tags":[26,27,3912,1274,37,33,35,34,36,31,32,21,8851,28,29,95,19,5935,25,9158,107,23,24,262,22,20,96,30,92,93,94],"class_list":["post-60751","post","type-post","status-publish","format-standard","has-post-thumbnail","category-maailm","tag-breaking-news","tag-breakingnews","tag-donetski-oblast","tag-droonid","tag-ee","tag-eesti","tag-eesti-keel","tag-estonia","tag-estonian","tag-featured-news","tag-featurednews","tag-headlines","tag-kramatorsk","tag-latest-news","tag-latestnews","tag-maailm","tag-news","tag-pokrovsk","tag-populaarseimad-lood","tag-slovjansk","tag-soda-ukrainas","tag-top-stories","tag-topstories","tag-ukraina","tag-uldised-uudised","tag-uudised","tag-venemaa","tag-viimased-uudised","tag-world","tag-world-news","tag-worldnews"],"share_on_mastodon":{"url":"","error":"Validation failed: Text character limit of 500 exceeded"},"_links":{"self":[{"href":"https:\/\/www.europesays.com\/ee\/wp-json\/wp\/v2\/posts\/60751","targetHints":{"allow":["GET"]}}],"collection":[{"href":"https:\/\/www.europesays.com\/ee\/wp-json\/wp\/v2\/posts"}],"about":[{"href":"https:\/\/www.europesays.com\/ee\/wp-json\/wp\/v2\/types\/post"}],"author":[{"embeddable":true,"href":"https:\/\/www.europesays.com\/ee\/wp-json\/wp\/v2\/users\/2"}],"replies":[{"embeddable":true,"href":"https:\/\/www.europesays.com\/ee\/wp-json\/wp\/v2\/comments?post=60751"}],"version-history":[{"count":0,"href":"https:\/\/www.europesays.com\/ee\/wp-json\/wp\/v2\/posts\/60751\/revisions"}],"wp:featuredmedia":[{"embeddable":true,"href":"https:\/\/www.europesays.com\/ee\/wp-json\/wp\/v2\/media\/60752"}],"wp:attachment":[{"href":"https:\/\/www.europesays.com\/ee\/wp-json\/wp\/v2\/media?parent=60751"}],"wp:term":[{"taxonomy":"category","embeddable":true,"href":"https:\/\/www.europesays.com\/ee\/wp-json\/wp\/v2\/categories?post=60751"},{"taxonomy":"post_tag","embeddable":true,"href":"https:\/\/www.europesays.com\/ee\/wp-json\/wp\/v2\/tags?post=60751"}],"curies":[{"name":"wp","href":"https:\/\/api.w.org\/{rel}","templated":true}]}}