{"id":61155,"date":"2025-12-10T09:24:08","date_gmt":"2025-12-10T09:24:08","guid":{"rendered":"https:\/\/www.europesays.com\/ee\/61155\/"},"modified":"2025-12-10T09:24:08","modified_gmt":"2025-12-10T09:24:08","slug":"lightyear-tegi-eesti-investoritele-uued-turud-lahti","status":"publish","type":"post","link":"https:\/\/www.europesays.com\/ee\/61155\/","title":{"rendered":"Lightyear tegi Eesti investoritele uued turud lahti"},"content":{"rendered":"<p>Kui seni on Lightyearis olnud ainult kolm valuutat &#8211; USA dollar, euro ja Briti nael, siis n\u00fc\u00fcd laieneb valuutade valikusse Rootsi, Norra ja Taani kroon, Poola zlott ja \u0160veitsi frank.<\/p>\n<p>Kolmele senisele valuutale maksab Lightyear kontoj\u00e4\u00e4gilt intressi ning v\u00f5imaldab raha panna rahaturufondidesse. Uutes valuutades pole v\u00f5imalust rahaturufondis raha hoida.<\/p>\n","protected":false},"excerpt":{"rendered":"Kui seni on Lightyearis olnud ainult kolm valuutat &#8211; USA dollar, euro ja Briti nael, siis n\u00fc\u00fcd laieneb&hellip;\n","protected":false},"author":2,"featured_media":61156,"comment_status":"","ping_status":"","sticky":false,"template":"","format":"standard","meta":{"footnotes":"","_share_on_mastodon":"0"},"categories":[14],"tags":[2404,31017,131,68,130,37,33,31004,35,34,36,780,10165,31007,31012,31009,31014,31016,31005,31010,31008,31013,31006,31011,31015],"class_list":["post-61155","post","type-post","status-publish","format-standard","has-post-thumbnail","category-ari","tag-aktsia","tag-andres-kitter","tag-ari","tag-bors","tag-business","tag-ee","tag-eesti","tag-eesti-investorid","tag-eesti-keel","tag-estonia","tag-estonian","tag-investeerimine","tag-lightyear","tag-norra-aktsiaturg","tag-norra-kroon","tag-poola-aktsiaturg","tag-poola-zlott","tag-portfelli-hajutamine","tag-rootsi-aktsiaturg","tag-rootsi-kroon","tag-sveitsi-aktsiaturg","tag-sveitsi-frank","tag-taani-aktsiaturg","tag-taani-kroon","tag-tehingutasu"],"share_on_mastodon":{"url":"https:\/\/pubeurope.com\/@ee\/115694551874222597","error":""},"_links":{"self":[{"href":"https:\/\/www.europesays.com\/ee\/wp-json\/wp\/v2\/posts\/61155","targetHints":{"allow":["GET"]}}],"collection":[{"href":"https:\/\/www.europesays.com\/ee\/wp-json\/wp\/v2\/posts"}],"about":[{"href":"https:\/\/www.europesays.com\/ee\/wp-json\/wp\/v2\/types\/post"}],"author":[{"embeddable":true,"href":"https:\/\/www.europesays.com\/ee\/wp-json\/wp\/v2\/users\/2"}],"replies":[{"embeddable":true,"href":"https:\/\/www.europesays.com\/ee\/wp-json\/wp\/v2\/comments?post=61155"}],"version-history":[{"count":0,"href":"https:\/\/www.europesays.com\/ee\/wp-json\/wp\/v2\/posts\/61155\/revisions"}],"wp:featuredmedia":[{"embeddable":true,"href":"https:\/\/www.europesays.com\/ee\/wp-json\/wp\/v2\/media\/61156"}],"wp:attachment":[{"href":"https:\/\/www.europesays.com\/ee\/wp-json\/wp\/v2\/media?parent=61155"}],"wp:term":[{"taxonomy":"category","embeddable":true,"href":"https:\/\/www.europesays.com\/ee\/wp-json\/wp\/v2\/categories?post=61155"},{"taxonomy":"post_tag","embeddable":true,"href":"https:\/\/www.europesays.com\/ee\/wp-json\/wp\/v2\/tags?post=61155"}],"curies":[{"name":"wp","href":"https:\/\/api.w.org\/{rel}","templated":true}]}}