{"id":61169,"date":"2025-12-10T09:37:10","date_gmt":"2025-12-10T09:37:10","guid":{"rendered":"https:\/\/www.europesays.com\/ee\/61169\/"},"modified":"2025-12-10T09:37:10","modified_gmt":"2025-12-10T09:37:10","slug":"tahaks-isesoitvaid-autosid-arendada-eurooplastega-kuid-hiinlased-on-paremad","status":"publish","type":"post","link":"https:\/\/www.europesays.com\/ee\/61169\/","title":{"rendered":"tahaks ises\u00f5itvaid autosid arendada eurooplastega, kuid hiinlased on paremad"},"content":{"rendered":"<p>Bolt hakkas \u00fcleilmse autotootja Stellantise ja Hiina tehnoloogiafirma Pony AIga arendama isejuhtivaid autosid. Bolti presidendi Jevgeni Kabanovi s\u00f5nul on Euroopa karmide regulatsioonidega arengus USAst ja Hiinast maha j\u00e4\u00e4nud.<\/p>\n<p><a href=\"https:\/\/static-img.aripaev.ee\/?type=preview&amp;uuid=dec641d6-e700-5be2-aaf9-1649e0b57a94\" target=\"_blank\" rel=\"noopener noreferrer nofollow\" class=\"styles_article-image__holder__jEhZc\" style=\"aspect-ratio:1.5\"><img alt=\"Bolti president Jevgeni Kabanov r\u00e4\u00e4kis, et Hiinas ja USAs on ises\u00f5itvad autod juba kasutusel, kuid Euroopas n\u00e4hakse neid eksperimendina.\" draggable=\"false\" fetchpriority=\"high\" decoding=\"async\" data-nimg=\"fill\" style=\"position:absolute;height:100%;width:100%;left:0;top:0;right:0;bottom:0;color:transparent\"   src=\"https:\/\/www.europesays.com\/ee\/wp-content\/uploads\/2025\/12\/1765359430_761_\"\/><\/a><\/p>\n<ul class=\"styles_article-image__meta__Voj9l\">\n<li>Bolti president Jevgeni Kabanov r\u00e4\u00e4kis, et Hiinas ja USAs on ises\u00f5itvad autod juba kasutusel, kuid Euroopas n\u00e4hakse neid eksperimendina.<\/li>\n<li>Foto: Andres Haabu<\/li>\n<\/ul>\n<p>\u201cHiina ongi praegu maailmas k\u00f5ige ees sellele tehnoloogiaga,\u201d m\u00e4rkis Kabanov. \u201cKindlasti me tahame erinevaid partnereid v\u00f5tta ja ausalt tahaks ka, et oleks eurooplased, kes selle tehnoloogia arendaks, kuid kohe t\u00e4na ei ole neid kuskilt v\u00f5tta,\u201d p\u00f5hjendas ta, miks valis Bolt ises\u00f5itvate autode arendamiseks just Hiina partneri.<\/p>\n<p>Intervjuus selgitas Kabanov, kuidas plaanib Bolt 2035. aastaks 100 000 ises\u00f5itvat s\u00f5idukit oma platvormile tuua ja kus saab neid t\u00f5en\u00e4oliselt esimesena kasutada. <\/p>\n<p>Samuti r\u00e4\u00e4kis ta ises\u00f5itvate autode arendamise erip\u00e4radest, maksumusest ja turvalisusest.<\/p>\n<p class=\"styles_banner__label__NHyOM\">Artikkel j\u00e4tkub p\u00e4rast reklaami<\/p>\n<p>K\u00fcsis Joonas-Hendrik M\u00e4gi.<\/p>\n<p>Bolti president: tahaks ises\u00f5itvaid autosid eurooplastega arendada, kuid hiinlased on selles maailma parimad<\/p>\n<p>See teema pakub huvi? Hakka neid m\u00e4rks\u00f5nu j\u00e4lgima ja saad alati teavituse, kui sel teemal ilmub midagi uut!<\/p>\n","protected":false},"excerpt":{"rendered":"Bolt hakkas \u00fcleilmse autotootja Stellantise ja Hiina tehnoloogiafirma Pony AIga arendama isejuhtivaid autosid. Bolti presidendi Jevgeni Kabanovi s\u00f5nul&hellip;\n","protected":false},"author":2,"featured_media":61170,"comment_status":"","ping_status":"","sticky":false,"template":"","format":"standard","meta":{"footnotes":""},"categories":[12],"tags":[26,27,37,33,35,34,36,31,32,21,28,29,19,25,23,24,22,20,30],"class_list":{"0":"post-61169","1":"post","2":"type-post","3":"status-publish","4":"format-standard","5":"has-post-thumbnail","7":"category-eesti","8":"tag-breaking-news","9":"tag-breakingnews","10":"tag-ee","11":"tag-eesti","12":"tag-eesti-keel","13":"tag-estonia","14":"tag-estonian","15":"tag-featured-news","16":"tag-featurednews","17":"tag-headlines","18":"tag-latest-news","19":"tag-latestnews","20":"tag-news","21":"tag-populaarseimad-lood","22":"tag-top-stories","23":"tag-topstories","24":"tag-uldised-uudised","25":"tag-uudised","26":"tag-viimased-uudised"},"share_on_mastodon":{"url":"https:\/\/pubeurope.com\/@ee\/115694603276316424","error":""},"_links":{"self":[{"href":"https:\/\/www.europesays.com\/ee\/wp-json\/wp\/v2\/posts\/61169","targetHints":{"allow":["GET"]}}],"collection":[{"href":"https:\/\/www.europesays.com\/ee\/wp-json\/wp\/v2\/posts"}],"about":[{"href":"https:\/\/www.europesays.com\/ee\/wp-json\/wp\/v2\/types\/post"}],"author":[{"embeddable":true,"href":"https:\/\/www.europesays.com\/ee\/wp-json\/wp\/v2\/users\/2"}],"replies":[{"embeddable":true,"href":"https:\/\/www.europesays.com\/ee\/wp-json\/wp\/v2\/comments?post=61169"}],"version-history":[{"count":0,"href":"https:\/\/www.europesays.com\/ee\/wp-json\/wp\/v2\/posts\/61169\/revisions"}],"wp:featuredmedia":[{"embeddable":true,"href":"https:\/\/www.europesays.com\/ee\/wp-json\/wp\/v2\/media\/61170"}],"wp:attachment":[{"href":"https:\/\/www.europesays.com\/ee\/wp-json\/wp\/v2\/media?parent=61169"}],"wp:term":[{"taxonomy":"category","embeddable":true,"href":"https:\/\/www.europesays.com\/ee\/wp-json\/wp\/v2\/categories?post=61169"},{"taxonomy":"post_tag","embeddable":true,"href":"https:\/\/www.europesays.com\/ee\/wp-json\/wp\/v2\/tags?post=61169"}],"curies":[{"name":"wp","href":"https:\/\/api.w.org\/{rel}","templated":true}]}}