{"id":6118,"date":"2025-09-27T10:56:07","date_gmt":"2025-09-27T10:56:07","guid":{"rendered":"https:\/\/www.europesays.com\/ee\/6118\/"},"modified":"2025-09-27T10:56:07","modified_gmt":"2025-09-27T10:56:07","slug":"rahvajooksu-nadalavahetus-saab-avapaugu-paide-lastejooksudega","status":"publish","type":"post","link":"https:\/\/www.europesays.com\/ee\/6118\/","title":{"rendered":"Rahvajooksu n\u00e4dalavahetus saab avapaugu Paide lastejooksudega"},"content":{"rendered":"<p>\u200bSellel n\u00e4dalavahetusel toimub J\u00e4rvamaa suurim spordipidu \u2013 43. Viking Window Paide-T\u00fcri Rahvajooks, kuhu on eelregistreerunud ligi 3000 sportlast. T\u00e4na toimuvad Paides juba esimesed lastejooksud.<\/p>\n<p>Lastejooksudel oli ajav\u00f5tuga ja ajav\u00f5tuta jooksudel kokku stardis paar noort, kellel olenevalt vanusest tuli l\u00e4bida 450m, 1km v\u00f5i 2km.<\/p>\n<p>T\u00fcril on lastejooksud homme.\u00a0<\/p>\n","protected":false},"excerpt":{"rendered":"\u200bSellel n\u00e4dalavahetusel toimub J\u00e4rvamaa suurim spordipidu \u2013 43. Viking Window Paide-T\u00fcri Rahvajooks, kuhu on eelregistreerunud ligi 3000 sportlast.&hellip;\n","protected":false},"author":2,"featured_media":6119,"comment_status":"","ping_status":"","sticky":false,"template":"","format":"standard","meta":{"footnotes":"","_share_on_mastodon":"0"},"categories":[12],"tags":[4960,26,27,4686,37,33,35,34,36,31,32,21,2723,4959,28,29,4961,19,4962,25,2993,23,24,862,22,4687,20,30],"class_list":["post-6118","post","type-post","status-publish","format-standard","has-post-thumbnail","category-eesti","tag-amserv","tag-breaking-news","tag-breakingnews","tag-e-piim","tag-ee","tag-eesti","tag-eesti-keel","tag-estonia","tag-estonian","tag-featured-news","tag-featurednews","tag-headlines","tag-jarvamaa","tag-kontsert","tag-latest-news","tag-latestnews","tag-mtu","tag-news","tag-paide-linn","tag-populaarseimad-lood","tag-tonis-niinemets","tag-top-stories","tag-topstories","tag-turi-linn","tag-uldised-uudised","tag-utilitas","tag-uudised","tag-viimased-uudised"],"share_on_mastodon":{"url":"","error":""},"_links":{"self":[{"href":"https:\/\/www.europesays.com\/ee\/wp-json\/wp\/v2\/posts\/6118","targetHints":{"allow":["GET"]}}],"collection":[{"href":"https:\/\/www.europesays.com\/ee\/wp-json\/wp\/v2\/posts"}],"about":[{"href":"https:\/\/www.europesays.com\/ee\/wp-json\/wp\/v2\/types\/post"}],"author":[{"embeddable":true,"href":"https:\/\/www.europesays.com\/ee\/wp-json\/wp\/v2\/users\/2"}],"replies":[{"embeddable":true,"href":"https:\/\/www.europesays.com\/ee\/wp-json\/wp\/v2\/comments?post=6118"}],"version-history":[{"count":0,"href":"https:\/\/www.europesays.com\/ee\/wp-json\/wp\/v2\/posts\/6118\/revisions"}],"wp:featuredmedia":[{"embeddable":true,"href":"https:\/\/www.europesays.com\/ee\/wp-json\/wp\/v2\/media\/6119"}],"wp:attachment":[{"href":"https:\/\/www.europesays.com\/ee\/wp-json\/wp\/v2\/media?parent=6118"}],"wp:term":[{"taxonomy":"category","embeddable":true,"href":"https:\/\/www.europesays.com\/ee\/wp-json\/wp\/v2\/categories?post=6118"},{"taxonomy":"post_tag","embeddable":true,"href":"https:\/\/www.europesays.com\/ee\/wp-json\/wp\/v2\/tags?post=6118"}],"curies":[{"name":"wp","href":"https:\/\/api.w.org\/{rel}","templated":true}]}}