{"id":61436,"date":"2025-12-10T14:42:09","date_gmt":"2025-12-10T14:42:09","guid":{"rendered":"https:\/\/www.europesays.com\/ee\/61436\/"},"modified":"2025-12-10T14:42:09","modified_gmt":"2025-12-10T14:42:09","slug":"vehklemisliidu-uus-president-higi-veri-ja-pisarad-jatkub-vehklemine","status":"publish","type":"post","link":"https:\/\/www.europesays.com\/ee\/61436\/","title":{"rendered":"Vehklemisliidu uus president: higi, veri ja pisarad j\u00e4tkub | Vehklemine"},"content":{"rendered":"<p>Veidi enam kui kuu aega ametis olnud Eesti Vehklemisliidu president Alar Eiche \u00fctles ERR-ile, et edaspidi \u00fcritatakse kaasata rohkem noori sportlasi.<\/p>\n<p>Eesti Vehklemisliit valis novembri alguses uueks presidendiks <a href=\"https:\/\/sport.err.ee\/1609851753\/eesti-vehklemine-sai-uue-juhi\" target=\"_blank\" rel=\"noopener nofollow\">vandeadvokaat Alar Eiche<\/a>, keda eelistati seni seda positsiooni t\u00e4itnud Peeter J\u00e4rvelaidile. <\/p>\n<p>&#8220;Olen saanud n\u00fc\u00fcd 33 p\u00e4eva olla vehklemisliidu president. Tahan alustada sellest, et Eestis on maailma parimad kohtunikud, neile on finaalid usaldatud. Meil on maailma parimad treenerid, kes on suutnud kasvatada ol\u00fcmpiav\u00f5itjaid. Meil on loomulikult maailma parimad sportlased,&#8221; \u00fctles uus president ERR-ile. &#8220;Ait\u00e4h meie kolmikule, kes tegid kogu Eesti rahvale <a href=\"https:\/\/sport.err.ee\/1609879138\/eesti-epeenaiskond-teenis-vancouveri-mk-etapil-esikoha\" target=\"_blank\" rel=\"noopener nofollow\">j\u00f5ulukingi<\/a>!&#8221;<\/p>\n<p>Lisaks presidendile valiti juhatusse Meelis Loit, Helen Nelis-Naukas, Martti Moosus ja Ille Nakurt-Murumaa. Loidule tehti ka <a href=\"https:\/\/sport.err.ee\/1609875598\/epeenaiskonna-peatreeneri-kohusetaitjaks-valiti-meelis-loit\" target=\"_blank\" rel=\"noopener nofollow\">ettepanek saada epeenaiskonna peatreeneriks<\/a> ja 2001. aastal MM-h\u00f5beda v\u00f5itnud meistertreener\u00a0v\u00f5ttis selle vastu.<\/p>\n<p>&#8220;R\u00f5hutan, mingisugust plaani v\u00f5i nime enne juhatuse koosolekut ei olnud. Juhatuse seest kasvas \u00fcksmeelne arusaam, et epeenaiskond vajab koheselt lahendust,&#8221; r\u00e4\u00e4kis Eiche. &#8220;Higi, veri ja pisarad j\u00e4tkuvad 24\/7.&#8221;<\/p>\n<p>Alaliidu presidendi s\u00f5nul \u00fcritatakse edaspidi kaasata v\u00f5istlustel rohkem noori. &#8220;V\u00f5tame samm-sammult, aga minu eesm\u00e4rk on see, et naiskonnaga liiguks kaasa kaks-kolm noort. Itaalia koondis s\u00f5idab ringi suure bussiga, seal on 12 inimest. Itaalias ei ole seda korda, et naiskond v\u00f5i meeskond valitakse protokolli j\u00e4rgi,&#8221; \u00fctles Eiche.<\/p>\n<p>&#8220;Ma ei \u00fctle midagi Eesti reeglite kohta, aga seal teab otsuse peatreener, kes oma vaimsuse ja f\u00fc\u00fcsilisega otsustab, kes lastakse naiskonda. Aga r\u00f5hk sellel, et seal on 12. Meil on t\u00e4na v\u00e4ljas kolm. Me ei ole kriisis, meil on fantastilised noored tulemas. Minu soov on see, et h\u00fcppeliselt kasvaks koondisele eraldatav rahahulk, et me saaks nad kaasa v\u00f5tta.&#8221;<\/p>\n<p>Vehklemisliidu president \u00fctles, et on veetnud tunde Eesti Ol\u00fcmpiakomitees eelarve suuruse \u00fcle arutamas. &#8220;Tippsportlastele antakse raha kirve ostmiseks ja tahetakse, et nad v\u00f5istleksid nendega, kellel on mootorsaed. Ja kui nad suudavad teha parema tulemuse, siis antakse n\u00e4puotsast juurde,&#8221; s\u00f5nas ta. &#8220;Eelarvepoliitika on see, et pidevalt v\u00e4hendatakse kirve varre pikkust. Ma tahaksin seda olukorda kuidagi muuta. [EOK] on aru saanud seda, et meil on eesm\u00e4rk.&#8221;<\/p>\n<p>&#8220;Naised t\u00f5estasid meile k\u00f5igile vahetult, et k\u00f5ik on v\u00f5imalik. Kui n\u00fc\u00fcd saame h\u00fcppeliselt raha juurde ja arvestatakse sellega, et Eesti naiskond on need, kes on kogu aeg v\u00e4lja toonud kastanid tulest, siis me ei saa olla t\u00e4nulikud neile ainult ol\u00fcmpia-aasta tulemuse eest,&#8221; s\u00f5nas Eiche. &#8220;Mina olen sattunud sellesse ametisse olukorras, kus tahan kaasa aidata, et see teekond oleks lihtne.&#8221;<\/p>\n","protected":false},"excerpt":{"rendered":"Veidi enam kui kuu aega ametis olnud Eesti Vehklemisliidu president Alar Eiche \u00fctles ERR-ile, et edaspidi \u00fcritatakse kaasata&hellip;\n","protected":false},"author":2,"featured_media":61437,"comment_status":"","ping_status":"","sticky":false,"template":"","format":"standard","meta":{"footnotes":"","_share_on_mastodon":"0"},"categories":[18],"tags":[20657,37,33,35,16551,34,36,159,158],"class_list":["post-61436","post","type-post","status-publish","format-standard","has-post-thumbnail","category-sport","tag-alar-eiche","tag-ee","tag-eesti","tag-eesti-keel","tag-eesti-vehklemisliit","tag-estonia","tag-estonian","tag-sport","tag-sports"],"share_on_mastodon":{"url":"https:\/\/pubeurope.com\/@ee\/115695802275450127","error":""},"_links":{"self":[{"href":"https:\/\/www.europesays.com\/ee\/wp-json\/wp\/v2\/posts\/61436","targetHints":{"allow":["GET"]}}],"collection":[{"href":"https:\/\/www.europesays.com\/ee\/wp-json\/wp\/v2\/posts"}],"about":[{"href":"https:\/\/www.europesays.com\/ee\/wp-json\/wp\/v2\/types\/post"}],"author":[{"embeddable":true,"href":"https:\/\/www.europesays.com\/ee\/wp-json\/wp\/v2\/users\/2"}],"replies":[{"embeddable":true,"href":"https:\/\/www.europesays.com\/ee\/wp-json\/wp\/v2\/comments?post=61436"}],"version-history":[{"count":0,"href":"https:\/\/www.europesays.com\/ee\/wp-json\/wp\/v2\/posts\/61436\/revisions"}],"wp:featuredmedia":[{"embeddable":true,"href":"https:\/\/www.europesays.com\/ee\/wp-json\/wp\/v2\/media\/61437"}],"wp:attachment":[{"href":"https:\/\/www.europesays.com\/ee\/wp-json\/wp\/v2\/media?parent=61436"}],"wp:term":[{"taxonomy":"category","embeddable":true,"href":"https:\/\/www.europesays.com\/ee\/wp-json\/wp\/v2\/categories?post=61436"},{"taxonomy":"post_tag","embeddable":true,"href":"https:\/\/www.europesays.com\/ee\/wp-json\/wp\/v2\/tags?post=61436"}],"curies":[{"name":"wp","href":"https:\/\/api.w.org\/{rel}","templated":true}]}}