{"id":61449,"date":"2025-12-10T14:57:09","date_gmt":"2025-12-10T14:57:09","guid":{"rendered":"https:\/\/www.europesays.com\/ee\/61449\/"},"modified":"2025-12-10T14:57:09","modified_gmt":"2025-12-10T14:57:09","slug":"ametnikueetika-noukogu-tapa-sotsiaalosakonna-juhi-korvaltegevusest-huvide-konflikti-ei-ole-nouetekohaselt-valditud","status":"publish","type":"post","link":"https:\/\/www.europesays.com\/ee\/61449\/","title":{"rendered":"Ametnikueetika n\u00f5ukogu Tapa sotsiaalosakonna juhi k\u00f5rvaltegevusest: huvide konflikti ei ole n\u00f5uetekohaselt v\u00e4lditud"},"content":{"rendered":"<p>Delfi kirjutas oktoobri l\u00f5pus, et Tapa vallavalitsuse liige ja sotsiaalosakonna juht Ene Augasm\u00e4gi juhib vallat\u00f6\u00f6 k\u00f5rvalt edukat sotsiaalteenuste MT\u00dc-d, mille alt on m\u00fc\u00fcnud teenuseid teiste seas ka Tapa vallavalitsusele. Artikli valmimise ajal selgus, et politsei oli alustanud asjaolude kontrollimiseks kriminaalmenetlust paragrahvi alusel, mis k\u00e4sitleb toimingupiirangu rikkumist.<\/p>\n<p>Delfi ettepanekul v\u00f5ttis Augasm\u00e4e tegevuse arutluse alla ka ametnikueetika n\u00f5ukogu, mis p\u00f6\u00f6rdus omakorda selgituste saamiseks otse Tapa valla poole. Vallavalitsus vastas n\u00f5ukogule, et sotsiaal- ja haridusosakonna juht Augasm\u00e4gi ei ole ametnik, vaid vallavalitsuse palgaline liige. <\/p>\n<p>Oled juba tellija?Logi sisse<\/p>\n<p><a href=\"https:\/\/www.delfi.ee\/artikkel\/120422706\/ametnikueetika-noukogu-tapa-sotsiaalosakonna-juhi-korvaltegevusest-huvide-konflikti-ei-ole-nouetekohaselt-valditud\/kommentaarid\" class=\"article-body-bottom__comment article-body-bottom__comment--write button button--primary button--size-auto\" rel=\"nofollow noopener\" target=\"_blank\"> Kommenteeri <\/a><a href=\"https:\/\/www.delfi.ee\/artikkel\/120422706\/ametnikueetika-noukogu-tapa-sotsiaalosakonna-juhi-korvaltegevusest-huvide-konflikti-ei-ole-nouetekohaselt-valditud\/kommentaarid\" class=\"article-body-bottom__comment article-body-bottom__comment--read button button--size-auto\" rel=\"nofollow noopener\" target=\"_blank\"> Loe kommentaare (5)<\/a><\/p>\n","protected":false},"excerpt":{"rendered":"Delfi kirjutas oktoobri l\u00f5pus, et Tapa vallavalitsuse liige ja sotsiaalosakonna juht Ene Augasm\u00e4gi juhib vallat\u00f6\u00f6 k\u00f5rvalt edukat sotsiaalteenuste&hellip;\n","protected":false},"author":2,"featured_media":61450,"comment_status":"","ping_status":"","sticky":false,"template":"","format":"standard","meta":{"footnotes":"","_share_on_mastodon":"0"},"categories":[5],"tags":[31188,26,27,37,33,35,8881,34,36,31,32,21,28,29,19,25,1013,10949,23,24,22,20,30],"class_list":["post-61449","post","type-post","status-publish","format-standard","has-post-thumbnail","category-uldised-uudised","tag-avaliku-teenistuse-seadus","tag-breaking-news","tag-breakingnews","tag-ee","tag-eesti","tag-eesti-keel","tag-eetikakoodeks","tag-estonia","tag-estonian","tag-featured-news","tag-featurednews","tag-headlines","tag-latest-news","tag-latestnews","tag-news","tag-populaarseimad-lood","tag-rahandusministeerium","tag-tapa-vald","tag-top-stories","tag-topstories","tag-uldised-uudised","tag-uudised","tag-viimased-uudised"],"share_on_mastodon":{"url":"https:\/\/pubeurope.com\/@ee\/115695861351511812","error":""},"_links":{"self":[{"href":"https:\/\/www.europesays.com\/ee\/wp-json\/wp\/v2\/posts\/61449","targetHints":{"allow":["GET"]}}],"collection":[{"href":"https:\/\/www.europesays.com\/ee\/wp-json\/wp\/v2\/posts"}],"about":[{"href":"https:\/\/www.europesays.com\/ee\/wp-json\/wp\/v2\/types\/post"}],"author":[{"embeddable":true,"href":"https:\/\/www.europesays.com\/ee\/wp-json\/wp\/v2\/users\/2"}],"replies":[{"embeddable":true,"href":"https:\/\/www.europesays.com\/ee\/wp-json\/wp\/v2\/comments?post=61449"}],"version-history":[{"count":0,"href":"https:\/\/www.europesays.com\/ee\/wp-json\/wp\/v2\/posts\/61449\/revisions"}],"wp:featuredmedia":[{"embeddable":true,"href":"https:\/\/www.europesays.com\/ee\/wp-json\/wp\/v2\/media\/61450"}],"wp:attachment":[{"href":"https:\/\/www.europesays.com\/ee\/wp-json\/wp\/v2\/media?parent=61449"}],"wp:term":[{"taxonomy":"category","embeddable":true,"href":"https:\/\/www.europesays.com\/ee\/wp-json\/wp\/v2\/categories?post=61449"},{"taxonomy":"post_tag","embeddable":true,"href":"https:\/\/www.europesays.com\/ee\/wp-json\/wp\/v2\/tags?post=61449"}],"curies":[{"name":"wp","href":"https:\/\/api.w.org\/{rel}","templated":true}]}}