{"id":61657,"date":"2025-12-10T21:02:10","date_gmt":"2025-12-10T21:02:10","guid":{"rendered":"https:\/\/www.europesays.com\/ee\/61657\/"},"modified":"2025-12-10T21:02:10","modified_gmt":"2025-12-10T21:02:10","slug":"karisele-soovitusi-andnud-suursaadik-kaotas-too-endised-saadikud-diplomaadi-ulesanne-ongi-soovitada","status":"publish","type":"post","link":"https:\/\/www.europesays.com\/ee\/61657\/","title":{"rendered":"Karisele soovitusi andnud suursaadik kaotas t\u00f6\u00f6. Endised saadikud: diplomaadi \u00fclesanne ongi soovitada"},"content":{"rendered":"<p><img decoding=\"async\" src=\"https:\/\/www.europesays.com\/ee\/wp-content\/uploads\/2025\/12\/bc66ef35-b046-40ab-bd39-1cb322815a90.jpg\" loading=\"lazy\" alt=\"Taustal president Alar Karis Kasahstani visiidil k\u00f5ne pidamas. Eespool endised suursaadikud (vasakult) Harri Tiido, Alar Streimann, Kalev Stoicescu\"\/><\/p>\n<p>Taustal president Alar Karis Kasahstani visiidil k\u00f5ne pidamas. Eespool endised suursaadikud (vasakult) Harri Tiido, Alar Streimann, Kalev Stoicescu<\/p>\n<p>FOTO: Raigo Pajula, presidendi kantseleiArgo IngverAndres PuttingKollaa\u017e: Kristopher Muraveiski| Delfi Meedia<\/p>\n<p>Endised suursaadikud r\u00e4\u00e4kisid Delfile, et suursaadikul on alati \u00f5igus ja ka kohustus anda delegatsioonile s\u00f5numite seadmiseks soovitusi.<\/p>\n","protected":false},"excerpt":{"rendered":"Taustal president Alar Karis Kasahstani visiidil k\u00f5ne pidamas. Eespool endised suursaadikud (vasakult) Harri Tiido, Alar Streimann, Kalev Stoicescu&hellip;\n","protected":false},"author":2,"featured_media":61658,"comment_status":"","ping_status":"","sticky":false,"template":"","format":"standard","meta":{"footnotes":"","_share_on_mastodon":"0"},"categories":[80],"tags":[31267,26,27,37,33,35,34,36,31,32,4271,21,326,3617,1554,28,29,95,54,19,25,52,1686,889,7735,51,23,24,262,22,325,20,30,92,93,94],"class_list":["post-61657","post","type-post","status-publish","format-standard","has-post-thumbnail","category-maailm","tag-alar-streimann","tag-breaking-news","tag-breakingnews","tag-ee","tag-eesti","tag-eesti-keel","tag-estonia","tag-estonian","tag-featured-news","tag-featurednews","tag-harri-tiido","tag-headlines","tag-hiina","tag-kalev-stoicescu","tag-kanada","tag-latest-news","tag-latestnews","tag-maailm","tag-nato","tag-news","tag-populaarseimad-lood","tag-prantsusmaa","tag-president","tag-rootsi","tag-saksa","tag-saksamaa","tag-top-stories","tag-topstories","tag-ukraina","tag-uldised-uudised","tag-usa","tag-uudised","tag-viimased-uudised","tag-world","tag-world-news","tag-worldnews"],"share_on_mastodon":{"url":"","error":"Validation failed: Text character limit of 500 exceeded"},"_links":{"self":[{"href":"https:\/\/www.europesays.com\/ee\/wp-json\/wp\/v2\/posts\/61657","targetHints":{"allow":["GET"]}}],"collection":[{"href":"https:\/\/www.europesays.com\/ee\/wp-json\/wp\/v2\/posts"}],"about":[{"href":"https:\/\/www.europesays.com\/ee\/wp-json\/wp\/v2\/types\/post"}],"author":[{"embeddable":true,"href":"https:\/\/www.europesays.com\/ee\/wp-json\/wp\/v2\/users\/2"}],"replies":[{"embeddable":true,"href":"https:\/\/www.europesays.com\/ee\/wp-json\/wp\/v2\/comments?post=61657"}],"version-history":[{"count":0,"href":"https:\/\/www.europesays.com\/ee\/wp-json\/wp\/v2\/posts\/61657\/revisions"}],"wp:featuredmedia":[{"embeddable":true,"href":"https:\/\/www.europesays.com\/ee\/wp-json\/wp\/v2\/media\/61658"}],"wp:attachment":[{"href":"https:\/\/www.europesays.com\/ee\/wp-json\/wp\/v2\/media?parent=61657"}],"wp:term":[{"taxonomy":"category","embeddable":true,"href":"https:\/\/www.europesays.com\/ee\/wp-json\/wp\/v2\/categories?post=61657"},{"taxonomy":"post_tag","embeddable":true,"href":"https:\/\/www.europesays.com\/ee\/wp-json\/wp\/v2\/tags?post=61657"}],"curies":[{"name":"wp","href":"https:\/\/api.w.org\/{rel}","templated":true}]}}