{"id":61800,"date":"2025-12-11T06:25:07","date_gmt":"2025-12-11T06:25:07","guid":{"rendered":"https:\/\/www.europesays.com\/ee\/61800\/"},"modified":"2025-12-11T06:25:07","modified_gmt":"2025-12-11T06:25:07","slug":"riigikogus-asutati-sotsiaalmeedia-kahjulike-mojude-vahendamise-toetusruhm","status":"publish","type":"post","link":"https:\/\/www.europesays.com\/ee\/61800\/","title":{"rendered":"Riigikogus asutati sotsiaalmeedia kahjulike m\u00f5jude v\u00e4hendamise toetusr\u00fchm"},"content":{"rendered":"<p>Riigikogu liikmed moodustasid kolmap\u00e4eva \u00f5htul sotsiaalmeedia kahjulike m\u00f5jude v\u00e4hendamise toetusr\u00fchma, mis kavatseb keskenduda eesk\u00e4tt laste kaitsmisele sotsiaalmeedia ohtude eest, teatasid sotsiaaldemokraadid pressiteates.<\/p>\n<p>Toetusr\u00fchma esimeheks valiti sotsiaaldemokraat Madis Kallas ja aseesimeheks Mario Kadastik Reformierakonnast.\u00a0<\/p>\n<p>\u00a0\u201eSotsiaalmeedia ohustab lapsi laial rindel. V\u00e4ga paljud sotsiaalmeedia l\u00f5ksus olevad lapsed kannatavad vaimse tervise probleemide, \u00f5pi- ja keskendumisraskuste, aga ka k\u00fcberkiusamise k\u00e4es. Riigikogu ei saa enam sotsiaalmeedia kahjulikest m\u00f5judest m\u00f6\u00f6da vaadata,\u201c \u00fctles Kallas.<\/p>\n<p>\u201cSeadusandja kohustus on \u00fcha s\u00fcveneva probleemiga tegeleda ning lastele ja lastevanematele appi minna. Ainult soovitustest ja juhenditest ei piisa. On aeg pakkuda v\u00e4lja toimivaid lahendusi ja neid ka rakendama hakata. Loodame siin tulemuslikule koost\u00f6\u00f6le valitsusega,\u201c lisas Kallas.<\/p>\n","protected":false},"excerpt":{"rendered":"Riigikogu liikmed moodustasid kolmap\u00e4eva \u00f5htul sotsiaalmeedia kahjulike m\u00f5jude v\u00e4hendamise toetusr\u00fchma, mis kavatseb keskenduda eesk\u00e4tt laste kaitsmisele sotsiaalmeedia ohtude&hellip;\n","protected":false},"author":2,"featured_media":61801,"comment_status":"","ping_status":"","sticky":false,"template":"","format":"standard","meta":{"footnotes":""},"categories":[5],"tags":[26,27,37,33,35,34,36,31,32,21,28,29,19,25,23,24,22,20,30],"class_list":{"0":"post-61800","1":"post","2":"type-post","3":"status-publish","4":"format-standard","5":"has-post-thumbnail","7":"category-uldised-uudised","8":"tag-breaking-news","9":"tag-breakingnews","10":"tag-ee","11":"tag-eesti","12":"tag-eesti-keel","13":"tag-estonia","14":"tag-estonian","15":"tag-featured-news","16":"tag-featurednews","17":"tag-headlines","18":"tag-latest-news","19":"tag-latestnews","20":"tag-news","21":"tag-populaarseimad-lood","22":"tag-top-stories","23":"tag-topstories","24":"tag-uldised-uudised","25":"tag-uudised","26":"tag-viimased-uudised"},"share_on_mastodon":{"url":"https:\/\/pubeurope.com\/@ee\/115699510355175137","error":""},"_links":{"self":[{"href":"https:\/\/www.europesays.com\/ee\/wp-json\/wp\/v2\/posts\/61800","targetHints":{"allow":["GET"]}}],"collection":[{"href":"https:\/\/www.europesays.com\/ee\/wp-json\/wp\/v2\/posts"}],"about":[{"href":"https:\/\/www.europesays.com\/ee\/wp-json\/wp\/v2\/types\/post"}],"author":[{"embeddable":true,"href":"https:\/\/www.europesays.com\/ee\/wp-json\/wp\/v2\/users\/2"}],"replies":[{"embeddable":true,"href":"https:\/\/www.europesays.com\/ee\/wp-json\/wp\/v2\/comments?post=61800"}],"version-history":[{"count":0,"href":"https:\/\/www.europesays.com\/ee\/wp-json\/wp\/v2\/posts\/61800\/revisions"}],"wp:featuredmedia":[{"embeddable":true,"href":"https:\/\/www.europesays.com\/ee\/wp-json\/wp\/v2\/media\/61801"}],"wp:attachment":[{"href":"https:\/\/www.europesays.com\/ee\/wp-json\/wp\/v2\/media?parent=61800"}],"wp:term":[{"taxonomy":"category","embeddable":true,"href":"https:\/\/www.europesays.com\/ee\/wp-json\/wp\/v2\/categories?post=61800"},{"taxonomy":"post_tag","embeddable":true,"href":"https:\/\/www.europesays.com\/ee\/wp-json\/wp\/v2\/tags?post=61800"}],"curies":[{"name":"wp","href":"https:\/\/api.w.org\/{rel}","templated":true}]}}