{"id":61965,"date":"2025-12-11T09:21:09","date_gmt":"2025-12-11T09:21:09","guid":{"rendered":"https:\/\/www.europesays.com\/ee\/61965\/"},"modified":"2025-12-11T09:21:09","modified_gmt":"2025-12-11T09:21:09","slug":"valitsus-plaanib-muuta-ajateenistuse-2027-aastast-12-kuuliseks-eesti","status":"publish","type":"post","link":"https:\/\/www.europesays.com\/ee\/61965\/","title":{"rendered":"Valitsus plaanib muuta ajateenistuse 2027. aastast 12-kuuliseks | Eesti"},"content":{"rendered":"<p>Valitsus plaanib muuta ajateenistuse kestuse k\u00f5igile alates 2027. aastast teenistust alustavatele kutsealustele 12-kuuliseks. Seni on ajateenijate v\u00e4lja\u00f5ppets\u00fcklid kestnud s\u00f5ltuvalt erialast kas kaheksa v\u00f5i 11 kuud.<\/p>\n<p>Kaitseminister Hanno Pevkur (RE) saatis koosk\u00f5lastusringile seaduseeln\u00f5u, mille eesm\u00e4rk on \u00fchtlustada ajateenistuse kestus k\u00f5ikidel erialadel. Muudatuse p\u00f5hjendusena on toodud, et ajateenistuses antava v\u00e4lja\u00f5ppe maht ja tehniline keerukus on kasvanud ning kasutusele on v\u00f5etud t\u00e4nap\u00e4evased relvastuss\u00fcsteemid.<\/p>\n<p>Senise v\u00e4lja\u00f5ppemudeli j\u00e4rgi kestab aasta alguses ja suvel algav ajateenistusts\u00fckkel 11 kuud ning s\u00fcgisel algav teenistus kaheksa kuud.<\/p>\n<p>11-kuulise ajateenistuse l\u00e4bivad ajateenijad, kes on suunatud soomusjalav\u00e4e, mootors\u00f5idukijuhi, s\u00f5jav\u00e4epolitsei ning side- ja infotehnoloogia erialale, samuti k\u00f5ik ajateenijad, kes on suunatud allohvitseri v\u00f5i ohvitseri ametikohale. Ka k\u00f5ikidele merev\u00e4es teenivatele s\u00f5duritele on ette n\u00e4htud 11-kuuline v\u00e4lja\u00f5pe.<\/p>\n<p>\u00dclej\u00e4\u00e4nud erialadel, mida ajateenistuse jooksul \u00f5petatakse (n\u00e4iteks laskurid, relvaspetsialistid, pioneerid, \u00f5hut\u00f5rjespetsialistid), kestab ajateenistus praeguse korra j\u00e4rgi kaheksa kuud.<\/p>\n<p>Seletuskirjas m\u00e4rgitakse, et senised ts\u00fcklid ei v\u00f5imalda enam tagada v\u00e4lja\u00f5ppe vajalikku kvaliteeti ega koormuse \u00fchtlast jaotust k\u00f5ikidel erialadel.<\/p>\n<p>Uutes v\u00e4lja\u00f5ppeplaanides on \u00fcha suuremat r\u00f5hku pandud ajateenijate lahinguvalmiduse t\u00f5hustamisele, et valmistada ajateenijad ette ja harjutada sellisel tasemel, et nad oleksid igal hetkel valmis t\u00e4itma neile m\u00e4\u00e4ratud s\u00f5jalisi \u00fclesandeid nii rahu- kui ka s\u00f5jaajal. &#8220;See h\u00f5lmab individuaalseid s\u00f5durioskusi, tehniliste s\u00fcsteemide k\u00e4sitsemise v\u00f5imet, samuti meeskonna- ja jaotasandi koostegutsemist. Taktika ja koostegutsemise harjutamiseks kulub rohkem aega ning seda ei ole v\u00f5imalik l\u00fchemas teenistuses tagada,&#8221; seisab seletuskirjas.<\/p>\n<p>Muudatus puudutab kutsealuseid, kes asuvad ajateenistusse alates 2027. aasta 1. jaanuarist. 2026. aastal teenistust alustavate, kuid 2027. aastasse ulatuva teenistusega kutsealuste ajateenistuse kestus on endiselt 11 kuud.<\/p>\n<p>Arvestuslikult on ajateenistuse kestuse pikendamisega seotud otsesed kulud \u2013 ajateenija toetus ja toitlustus \u2013 2027. aastal 31 miljonit eurot.<\/p>\n","protected":false},"excerpt":{"rendered":"Valitsus plaanib muuta ajateenistuse kestuse k\u00f5igile alates 2027. aastast teenistust alustavatele kutsealustele 12-kuuliseks. Seni on ajateenijate v\u00e4lja\u00f5ppets\u00fcklid kestnud&hellip;\n","protected":false},"author":2,"featured_media":61966,"comment_status":"","ping_status":"","sticky":false,"template":"","format":"standard","meta":{"footnotes":"","_share_on_mastodon":"0"},"categories":[5],"tags":[26459,8678,26,27,37,33,35,34,36,31,32,492,21,498,1152,2645,28,29,19,25,16032,23,24,22,20,31384,30],"class_list":["post-61965","post","type-post","status-publish","format-standard","has-post-thumbnail","category-uldised-uudised","tag-ajateenija","tag-ajateenistus","tag-breaking-news","tag-breakingnews","tag-ee","tag-eesti","tag-eesti-keel","tag-estonia","tag-estonian","tag-featured-news","tag-featurednews","tag-hanno-pevkur","tag-headlines","tag-julgeolek","tag-kaitseministeerium","tag-kaitsevagi","tag-latest-news","tag-latestnews","tag-news","tag-populaarseimad-lood","tag-sodur","tag-top-stories","tag-topstories","tag-uldised-uudised","tag-uudised","tag-valjaoppe","tag-viimased-uudised"],"share_on_mastodon":{"url":"https:\/\/pubeurope.com\/@ee\/115700202378295242","error":""},"_links":{"self":[{"href":"https:\/\/www.europesays.com\/ee\/wp-json\/wp\/v2\/posts\/61965","targetHints":{"allow":["GET"]}}],"collection":[{"href":"https:\/\/www.europesays.com\/ee\/wp-json\/wp\/v2\/posts"}],"about":[{"href":"https:\/\/www.europesays.com\/ee\/wp-json\/wp\/v2\/types\/post"}],"author":[{"embeddable":true,"href":"https:\/\/www.europesays.com\/ee\/wp-json\/wp\/v2\/users\/2"}],"replies":[{"embeddable":true,"href":"https:\/\/www.europesays.com\/ee\/wp-json\/wp\/v2\/comments?post=61965"}],"version-history":[{"count":0,"href":"https:\/\/www.europesays.com\/ee\/wp-json\/wp\/v2\/posts\/61965\/revisions"}],"wp:featuredmedia":[{"embeddable":true,"href":"https:\/\/www.europesays.com\/ee\/wp-json\/wp\/v2\/media\/61966"}],"wp:attachment":[{"href":"https:\/\/www.europesays.com\/ee\/wp-json\/wp\/v2\/media?parent=61965"}],"wp:term":[{"taxonomy":"category","embeddable":true,"href":"https:\/\/www.europesays.com\/ee\/wp-json\/wp\/v2\/categories?post=61965"},{"taxonomy":"post_tag","embeddable":true,"href":"https:\/\/www.europesays.com\/ee\/wp-json\/wp\/v2\/tags?post=61965"}],"curies":[{"name":"wp","href":"https:\/\/api.w.org\/{rel}","templated":true}]}}