{"id":61973,"date":"2025-12-11T09:30:07","date_gmt":"2025-12-11T09:30:07","guid":{"rendered":"https:\/\/www.europesays.com\/ee\/61973\/"},"modified":"2025-12-11T09:30:07","modified_gmt":"2025-12-11T09:30:07","slug":"video-ukraina-julgeolekuteenistuse-allikas-teatas-vene-varilaevastiku-tankeri-rundamisest-mustal-merel","status":"publish","type":"post","link":"https:\/\/www.europesays.com\/ee\/61973\/","title":{"rendered":"VIDEO | Ukraina julgeolekuteenistuse allikas teatas Vene varilaevastiku tankeri r\u00fcndamisest Mustal merel"},"content":{"rendered":"<p>Allika s\u00f5nul liikus <a rel=\"noopener nofollow\" target=\"_blank\" href=\"https:\/\/www.delfi.ee\/teema\/96881879\/komoorid\" tag-id=\"96881879\">Komooride<\/a> lipu all olev tanker Ukraina majandusv\u00f6\u00f6ndis ja suundus Venemaa <a rel=\"noopener nofollow\" target=\"_blank\" href=\"https:\/\/www.delfi.ee\/teema\/71332873\/novorossiisk\" tag-id=\"71332873\">Novorossiiski<\/a> sadamasse. See liikus t\u00e4isk\u00e4igul ja v\u00e4ljal\u00fclitatud transpondriga, vahendab UNIAN.<\/p>\n<p>R\u00fcnnaku tagaj\u00e4rjel sai tanker kriitilisi kahjustusi. Videos on n\u00e4ha plahvatusi laeva ahtris. Esialgsetel andmetel l\u00f6\u00f6di alus rivist v\u00e4lja.<\/p>\n<p>Tegemist oli SBU ja Ukraina merev\u00e4e \u00fchisoperatsiooniga.<\/p>\n<p>Allika s\u00f5nul on tankeri ligikaudne v\u00e4\u00e4rtus 30 miljonit dollarit ja \u00fche reisiga vedas see naftaprodukte umbes 60 miljoni dollari v\u00e4\u00e4rtuses.<\/p>\n<p>Kuidas see lugu Sind end tundma pani? Saada <\/p>\n","protected":false},"excerpt":{"rendered":"Allika s\u00f5nul liikus Komooride lipu all olev tanker Ukraina majandusv\u00f6\u00f6ndis ja suundus Venemaa Novorossiiski sadamasse. See liikus t\u00e4isk\u00e4igul&hellip;\n","protected":false},"author":2,"featured_media":61777,"comment_status":"","ping_status":"","sticky":false,"template":"","format":"standard","meta":{"footnotes":"","_share_on_mastodon":"0"},"categories":[80],"tags":[1553,26,27,37,33,35,34,36,590,31,32,21,1554,31309,28,29,95,13454,19,3854,25,7551,107,660,4588,23,24,262,22,20,96,30,92,93,94],"class_list":["post-61973","post","type-post","status-publish","format-standard","has-post-thumbnail","category-maailm","tag-austraalia","tag-breaking-news","tag-breakingnews","tag-ee","tag-eesti","tag-eesti-keel","tag-estonia","tag-estonian","tag-euroopa-liit","tag-featured-news","tag-featurednews","tag-headlines","tag-kanada","tag-komoorid","tag-latest-news","tag-latestnews","tag-maailm","tag-must-meri","tag-news","tag-novorossiisk","tag-populaarseimad-lood","tag-sbu","tag-soda-ukrainas","tag-suurbritannia","tag-sveits","tag-top-stories","tag-topstories","tag-ukraina","tag-uldised-uudised","tag-uudised","tag-venemaa","tag-viimased-uudised","tag-world","tag-world-news","tag-worldnews"],"share_on_mastodon":{"url":"","error":"Validation failed: Text character limit of 500 exceeded"},"_links":{"self":[{"href":"https:\/\/www.europesays.com\/ee\/wp-json\/wp\/v2\/posts\/61973","targetHints":{"allow":["GET"]}}],"collection":[{"href":"https:\/\/www.europesays.com\/ee\/wp-json\/wp\/v2\/posts"}],"about":[{"href":"https:\/\/www.europesays.com\/ee\/wp-json\/wp\/v2\/types\/post"}],"author":[{"embeddable":true,"href":"https:\/\/www.europesays.com\/ee\/wp-json\/wp\/v2\/users\/2"}],"replies":[{"embeddable":true,"href":"https:\/\/www.europesays.com\/ee\/wp-json\/wp\/v2\/comments?post=61973"}],"version-history":[{"count":0,"href":"https:\/\/www.europesays.com\/ee\/wp-json\/wp\/v2\/posts\/61973\/revisions"}],"wp:featuredmedia":[{"embeddable":true,"href":"https:\/\/www.europesays.com\/ee\/wp-json\/wp\/v2\/media\/61777"}],"wp:attachment":[{"href":"https:\/\/www.europesays.com\/ee\/wp-json\/wp\/v2\/media?parent=61973"}],"wp:term":[{"taxonomy":"category","embeddable":true,"href":"https:\/\/www.europesays.com\/ee\/wp-json\/wp\/v2\/categories?post=61973"},{"taxonomy":"post_tag","embeddable":true,"href":"https:\/\/www.europesays.com\/ee\/wp-json\/wp\/v2\/tags?post=61973"}],"curies":[{"name":"wp","href":"https:\/\/api.w.org\/{rel}","templated":true}]}}