{"id":62106,"date":"2025-12-11T12:18:07","date_gmt":"2025-12-11T12:18:07","guid":{"rendered":"https:\/\/www.europesays.com\/ee\/62106\/"},"modified":"2025-12-11T12:18:07","modified_gmt":"2025-12-11T12:18:07","slug":"fotod-%e2%9f%a9-67-aastane-madonna-orritab-uue-albumi-eel-oma-fanne-ikka-korralikult","status":"publish","type":"post","link":"https:\/\/www.europesays.com\/ee\/62106\/","title":{"rendered":"FOTOD \u27e9 67-aastane Madonna \u00f5rritab uue albumi eel oma f\u00e4nne ikka korralikult"},"content":{"rendered":"<p>67-aastane lauljatar Madonna jagas selle n\u00e4dala esimeses pooles oma Instagrami kontol, millel on kokku \u00fcle 20 miljoni f\u00e4nni, mitut lummavat fotot. Madonna oli selga t\u00f5mmanud \u00fcleni roosa kost\u00fc\u00fcmi, mis koosnes korsetist, rinnahoidjast, pesumoest inspireeritud seelikust ja karvasest kasukast. Muidugi ei puudunud kost\u00fc\u00fcmi juurest ka pitskindad.<\/p>\n<p>\u00abHea n\u00e4dal diivadele,\u00bb kirjutas Madonna oma postituses.<\/p>\n","protected":false},"excerpt":{"rendered":"67-aastane lauljatar Madonna jagas selle n\u00e4dala esimeses pooles oma Instagrami kontol, millel on kokku \u00fcle 20 miljoni f\u00e4nni,&hellip;\n","protected":false},"author":2,"featured_media":62107,"comment_status":"","ping_status":"","sticky":false,"template":"","format":"standard","meta":{"footnotes":""},"categories":[91],"tags":[240,37,33,35,173,34,36,5922,31473,241,7714,140,9452],"class_list":{"0":"post-62106","1":"post","2":"type-post","3":"status-publish","4":"format-standard","5":"has-post-thumbnail","7":"category-kuulsused","8":"tag-celebrities","9":"tag-ee","10":"tag-eesti","11":"tag-eesti-keel","12":"tag-entertainment","13":"tag-estonia","14":"tag-estonian","15":"tag-instagram","16":"tag-jean-paul-gaultier","17":"tag-kuulsused","18":"tag-madonna","19":"tag-meelelahutus","20":"tag-nostalgia"},"share_on_mastodon":{"url":"https:\/\/pubeurope.com\/@ee\/115700898443381962","error":""},"_links":{"self":[{"href":"https:\/\/www.europesays.com\/ee\/wp-json\/wp\/v2\/posts\/62106","targetHints":{"allow":["GET"]}}],"collection":[{"href":"https:\/\/www.europesays.com\/ee\/wp-json\/wp\/v2\/posts"}],"about":[{"href":"https:\/\/www.europesays.com\/ee\/wp-json\/wp\/v2\/types\/post"}],"author":[{"embeddable":true,"href":"https:\/\/www.europesays.com\/ee\/wp-json\/wp\/v2\/users\/2"}],"replies":[{"embeddable":true,"href":"https:\/\/www.europesays.com\/ee\/wp-json\/wp\/v2\/comments?post=62106"}],"version-history":[{"count":0,"href":"https:\/\/www.europesays.com\/ee\/wp-json\/wp\/v2\/posts\/62106\/revisions"}],"wp:featuredmedia":[{"embeddable":true,"href":"https:\/\/www.europesays.com\/ee\/wp-json\/wp\/v2\/media\/62107"}],"wp:attachment":[{"href":"https:\/\/www.europesays.com\/ee\/wp-json\/wp\/v2\/media?parent=62106"}],"wp:term":[{"taxonomy":"category","embeddable":true,"href":"https:\/\/www.europesays.com\/ee\/wp-json\/wp\/v2\/categories?post=62106"},{"taxonomy":"post_tag","embeddable":true,"href":"https:\/\/www.europesays.com\/ee\/wp-json\/wp\/v2\/tags?post=62106"}],"curies":[{"name":"wp","href":"https:\/\/api.w.org\/{rel}","templated":true}]}}