{"id":63224,"date":"2025-12-12T17:51:08","date_gmt":"2025-12-12T17:51:08","guid":{"rendered":"https:\/\/www.europesays.com\/ee\/63224\/"},"modified":"2025-12-12T17:51:08","modified_gmt":"2025-12-12T17:51:08","slug":"ministeerium-plaanib-lubada-eestisse-lisaks-kvoodile-kuni-2600-voortoolist-aastas-eesti","status":"publish","type":"post","link":"https:\/\/www.europesays.com\/ee\/63224\/","title":{"rendered":"Ministeerium plaanib lubada Eestisse lisaks kvoodile kuni 2600 v\u00f5\u00f5rt\u00f6\u00f6list aastas | Eesti"},"content":{"rendered":"<p>Siseministeeriumis valmis seadusemuudatus, mis lubab t\u00f6\u00f6stusettev\u00f5tetel tuua lisaks sisser\u00e4ndekvoodile Eestisse kuni 2600 v\u00f5\u00f5rt\u00f6\u00f6list, kellele v\u00f5iks maksta 80 protsenti keskmisest palgast. Ameti\u00fchingute hinnangul soodustab see odava v\u00f5\u00f5rt\u00f6\u00f6j\u00f5u sissetoomist Eesti t\u00f6\u00f6turule.<\/p>\n<p>Lennukihooldusettev\u00f5tte Magnetic MRO Tallinna \u00fcksuses t\u00f6\u00f6tab \u00fcle 400 inimese 29 rahvusest. Seal t\u00f6\u00f6tab halli passi omanikke kui ka inimesi viieaastase t\u00f6\u00f6tamise elamisloaga, mida saab pikendada k\u00fcmne aasta kaupa. Spetsialistide kohapealt ettev\u00f5ttes probleemi ei ole.<\/p>\n<p>Magnetic MRO tegevjuht Risto M\u00e4eots m\u00e4rkis, et ettev\u00f5te asutas oma kooli, kus koolitab Eesti kodanikke ise v\u00e4lja. Kuid uuringute j\u00e4rgi on Eestis igal aastal puudu \u00fcle 2000 t\u00f6\u00f6taja, keda seal ei koolitata.<\/p>\n<p>Eestis on sisser\u00e4nde piirarvuks umbes 1300 inimest aastas. Siseministeeriumis on valminud seaduseeln\u00f5u, mis lubaks lisaks kvoodile tuua Eestisse kuni 2600 inimest aastas. Kui \u00fcldtingimusena peaks v\u00f5\u00f5rt\u00f6\u00f6lisele maksma keskmist palka, siis n\u00fc\u00fcd saaks \u00fcheksa t\u00f6\u00f6stusvaldkonda v\u00f5imaluse maksta ka 80 protsenti keskmisest palgast.<\/p>\n<p>Siseminister Igor Taro (E200) r\u00f5hutas, et ministeeriumi plaan ei t\u00e4henda, et Eestisse saaks tuua sisse odavat t\u00f6\u00f6j\u00f5udu. &#8220;0,8 Eesti keskmist [palka] on ikkagi umbes kaks miinimumpalka ja see vastab adekvaatsele tasemele, mida oskust\u00f6\u00f6lised \u00fcle Eesti saavad neis valdkondades, kuhu seda t\u00f6\u00f6j\u00f5udu tarvis on,&#8221; lausus ta.<\/p>\n<p>Ka Magnetic MRO-s on lisaks spetsialistidele ikkagi vaja litsentseerimata odavamat t\u00f6\u00f6j\u00f5udu. Ettev\u00f5tte tegevjuht M\u00e4eots \u00fctles, et Eestist neid inimesi ei leia.<\/p>\n<p>&#8220;Ma arvan, et Eesti majandusele on h\u00e4sti oluline, et me need inimesed tooksime sisse. Ma tahaksin r\u00f5hutada seda, et meie ei ole kedagi siia Eestisse n-\u00f6 koormaks toonud. Me toome ikkagi inimesi, kes t\u00f6\u00f6tavad k\u00e4te ja peaga,&#8221; s\u00f5nas M\u00e4eots.<\/p>\n<p>&#8220;Selline \u00fcldine arusaam, et me n\u00e4eme selles midagi halba ja toome siia n-\u00f6 koormat Eesti maksumaksjale juurde \u2013 ma arvan, et see on v\u00e4ga kitsarinnaline,&#8221; lisas ta.<\/p>\n<p>Ameti\u00fchingute hinnangul pole aga ministeerium nende ettepanekutega arvestanud ja muudatused avavad tee odava t\u00f6\u00f6j\u00f5u sissetoomisele.<\/p>\n<p>Raudteelaste ameti\u00fchingu juht Oleg T\u0161ubarov r\u00f5hutas, et \u00fchiss\u00f5idukijuhte on puudu. Kuigi noored oleksid s\u00f5itmisest huvitatud, ei tee nad seda praegu pakutava palga eest. &#8220;See t\u00e4hendab, et peaksime vaatama peeglisse ja maksma normaalset palka. Seda t\u00f6\u00f6j\u00f5udu on meil t\u00f6\u00f6turul,&#8221; lisas ta.<\/p>\n","protected":false},"excerpt":{"rendered":"Siseministeeriumis valmis seadusemuudatus, mis lubab t\u00f6\u00f6stusettev\u00f5tetel tuua lisaks sisser\u00e4ndekvoodile Eestisse kuni 2600 v\u00f5\u00f5rt\u00f6\u00f6list, kellele v\u00f5iks maksta 80 protsenti&hellip;\n","protected":false},"author":2,"featured_media":63225,"comment_status":"","ping_status":"","sticky":false,"template":"","format":"standard","meta":{"footnotes":"","_share_on_mastodon":"0"},"categories":[14],"tags":[131,130,37,33,35,34,36,614,3711,5616,392,2161,23762],"class_list":["post-63224","post","type-post","status-publish","format-standard","has-post-thumbnail","category-ari","tag-ari","tag-business","tag-ee","tag-eesti","tag-eesti-keel","tag-estonia","tag-estonian","tag-igor-taro","tag-sisseranne","tag-toojoud","tag-toostus","tag-tooturg","tag-voortoojoud"],"share_on_mastodon":{"url":"https:\/\/pubeurope.com\/@ee\/115707870224325602","error":""},"_links":{"self":[{"href":"https:\/\/www.europesays.com\/ee\/wp-json\/wp\/v2\/posts\/63224","targetHints":{"allow":["GET"]}}],"collection":[{"href":"https:\/\/www.europesays.com\/ee\/wp-json\/wp\/v2\/posts"}],"about":[{"href":"https:\/\/www.europesays.com\/ee\/wp-json\/wp\/v2\/types\/post"}],"author":[{"embeddable":true,"href":"https:\/\/www.europesays.com\/ee\/wp-json\/wp\/v2\/users\/2"}],"replies":[{"embeddable":true,"href":"https:\/\/www.europesays.com\/ee\/wp-json\/wp\/v2\/comments?post=63224"}],"version-history":[{"count":0,"href":"https:\/\/www.europesays.com\/ee\/wp-json\/wp\/v2\/posts\/63224\/revisions"}],"wp:featuredmedia":[{"embeddable":true,"href":"https:\/\/www.europesays.com\/ee\/wp-json\/wp\/v2\/media\/63225"}],"wp:attachment":[{"href":"https:\/\/www.europesays.com\/ee\/wp-json\/wp\/v2\/media?parent=63224"}],"wp:term":[{"taxonomy":"category","embeddable":true,"href":"https:\/\/www.europesays.com\/ee\/wp-json\/wp\/v2\/categories?post=63224"},{"taxonomy":"post_tag","embeddable":true,"href":"https:\/\/www.europesays.com\/ee\/wp-json\/wp\/v2\/tags?post=63224"}],"curies":[{"name":"wp","href":"https:\/\/api.w.org\/{rel}","templated":true}]}}