{"id":63335,"date":"2025-12-12T20:57:14","date_gmt":"2025-12-12T20:57:14","guid":{"rendered":"https:\/\/www.europesays.com\/ee\/63335\/"},"modified":"2025-12-12T20:57:14","modified_gmt":"2025-12-12T20:57:14","slug":"henri-jarvelaid-joudis-ringiga-tagasi-kasvatajaklubisse-soccernet-ee","status":"publish","type":"post","link":"https:\/\/www.europesays.com\/ee\/63335\/","title":{"rendered":"Henri J\u00e4rvelaid j\u00f5udis ringiga tagasi kasvatajaklubisse &#8211; Soccernet.ee"},"content":{"rendered":"<p><img decoding=\"async\" src=\"https:\/\/www.europesays.com\/ee\/wp-content\/uploads\/2025\/12\/1754756421.jpg\" alt=\"Viimased pool hooaega viibis Henri J\u00e4rvelaid laenul Tartus. Foto: Katariina Peetson \/ jalgpall.ee\"\/>&#13;\n<\/p>\n<p>Tulevaks hooajaks Premium liigasse naasev N\u00f5mme United teatas klubi kasvandiku Henri J\u00e4rvelaidi naasmisest k\u00fcmneaastase vaheaja j\u00e4rel.<\/p>\n<p>J\u00e4rvelaid siirdus Unitedist esmalt 2015. aastal FC Florasse, kust viis 2020. aastal tee edasi Taani ja Norra esiliigaklubidesse. 2022. aastal naasis ta kodumaale N\u00f5mme Kalju s\u00e4rgis ning j\u00e4rgmise aasta keskel liitus ta FCI Levadiaga.&#13;\n<\/p>\n<p>Viimased pool hooaega viibis J\u00e4rvelaid laenul Tartu Tammekas, kus ta oli pool hooaega laenul veetnud ka 2018. aastal Florast. \u00dchtekokku on tema arvel Premium liigas 143 m\u00e4ngu ja 17 v\u00e4ravat. 2020. aastal k\u00e4is ta neli korda v\u00e4ljakul ka Eesti A-koondise eest.&#13;\n<\/p>\n<p>V\u00e4rvikast karj\u00e4\u00e4rist hoolimata t\u00e4histas J\u00e4rvelaid eile alles oma 27. s\u00fcnnip\u00e4eva ehk ta taasliitub Unitediga parimas m\u00e4ngijaeas. &#8220;Kolmeaastasena M\u00e4nnikule tulnud ja 14 aastat klubis veetnud \u00e4\u00e4rem\u00e4ngija lisab meie meeskonnale kuhjaga kogemusi ja loodetavasti r\u00f5\u00f5mustab ka j\u00e4rgmisel aastal pealtvaatajaid m\u00f5ne iluv\u00e4ravaga,&#8221; kirjutas klubi sotsiaalmeedias.<\/p>\n<blockquote class=\"instagram-media\" data-instgrm-captioned=\"\" data-instgrm-permalink=\"https:\/\/www.instagram.com\/p\/DSK8eW9j3RL\/?utm_source=ig_embed&amp;utm_campaign=loading\" data-instgrm-version=\"14\" style=\" background:#FFF; border:0; border-radius:3px; box-shadow:0 0 1px 0 rgba(0,0,0,0.5),0 1px 10px 0 rgba(0,0,0,0.15); margin: 1px; max-width:540px; min-width:326px; padding:0; width:99.375%; width:-webkit-calc(100% - 2px); width:calc(100% - 2px);\"><p>&#13;<br \/>\n&#13;\n<\/p><\/blockquote>\n<p>Iluv\u00e4ravaid on J\u00e4rvelaidi vasaku jala kahurist s\u00fcndinud mitmeid. Kahe aasta eest hiilgas ta Premium liigas oma v\u00e4ljakupoolelt l\u00f6\u00f6dud &#8220;hokiv\u00e4ravaga&#8221;:&#13;\n<\/p>\n<p>          <script async src=\"\/\/www.instagram.com\/embed.js\"><\/script><\/p>\n","protected":false},"excerpt":{"rendered":"&#13; Tulevaks hooajaks Premium liigasse naasev N\u00f5mme United teatas klubi kasvandiku Henri J\u00e4rvelaidi naasmisest k\u00fcmneaastase vaheaja j\u00e4rel. J\u00e4rvelaid&hellip;\n","protected":false},"author":2,"featured_media":63336,"comment_status":"","ping_status":"","sticky":false,"template":"","format":"standard","meta":{"footnotes":"","_share_on_mastodon":"0"},"categories":[18],"tags":[37,33,35,34,36,1572,13972,13973,1358,1813,167,159,158,2331],"class_list":["post-63335","post","type-post","status-publish","format-standard","has-post-thumbnail","category-sport","tag-ee","tag-eesti","tag-eesti-keel","tag-estonia","tag-estonian","tag-fci-levadia","tag-henri-jarvelaid","tag-jarvelaid","tag-levadia","tag-nomme-united","tag-premium-liiga","tag-sport","tag-sports","tag-united"],"share_on_mastodon":{"url":"https:\/\/pubeurope.com\/@ee\/115708603250932109","error":""},"_links":{"self":[{"href":"https:\/\/www.europesays.com\/ee\/wp-json\/wp\/v2\/posts\/63335","targetHints":{"allow":["GET"]}}],"collection":[{"href":"https:\/\/www.europesays.com\/ee\/wp-json\/wp\/v2\/posts"}],"about":[{"href":"https:\/\/www.europesays.com\/ee\/wp-json\/wp\/v2\/types\/post"}],"author":[{"embeddable":true,"href":"https:\/\/www.europesays.com\/ee\/wp-json\/wp\/v2\/users\/2"}],"replies":[{"embeddable":true,"href":"https:\/\/www.europesays.com\/ee\/wp-json\/wp\/v2\/comments?post=63335"}],"version-history":[{"count":0,"href":"https:\/\/www.europesays.com\/ee\/wp-json\/wp\/v2\/posts\/63335\/revisions"}],"wp:featuredmedia":[{"embeddable":true,"href":"https:\/\/www.europesays.com\/ee\/wp-json\/wp\/v2\/media\/63336"}],"wp:attachment":[{"href":"https:\/\/www.europesays.com\/ee\/wp-json\/wp\/v2\/media?parent=63335"}],"wp:term":[{"taxonomy":"category","embeddable":true,"href":"https:\/\/www.europesays.com\/ee\/wp-json\/wp\/v2\/categories?post=63335"},{"taxonomy":"post_tag","embeddable":true,"href":"https:\/\/www.europesays.com\/ee\/wp-json\/wp\/v2\/tags?post=63335"}],"curies":[{"name":"wp","href":"https:\/\/api.w.org\/{rel}","templated":true}]}}