{"id":63527,"date":"2025-12-13T07:43:10","date_gmt":"2025-12-13T07:43:10","guid":{"rendered":"https:\/\/www.europesays.com\/ee\/63527\/"},"modified":"2025-12-13T07:43:10","modified_gmt":"2025-12-13T07:43:10","slug":"slovakkia-peaministri-karm-avaldus-seoses-ukraina-toetamisega","status":"publish","type":"post","link":"https:\/\/www.europesays.com\/ee\/63527\/","title":{"rendered":"Slovakkia peaministri karm avaldus seoses Ukraina toetamisega"},"content":{"rendered":"<p>Slovakkia peaminister Robert Fico andis teada, et helistas Euroopa \u00dclemkogu eesistujale Antonio Costale ja tegi talle teatavaks oma seisukoha seoses Ukraina toetamisega.<\/p>\n<p>Fico tegi <a href=\"https:\/\/x.com\/RobertFicoSVK\/status\/1999484137321775516\" rel=\"nofollow\">sotsiaalmeedias<\/a> j\u00e4rgmise avalduse:<\/p>\n<p>\u201eT\u00e4na pidasin peaaegu tunniajase telefonivestluse Euroopa \u00dclemkogu eesistuja A. Costaga. Ma austan teda t\u00e4ielikult, aga samal ajal kui tema r\u00e4\u00e4kis rahast Ukraina s\u00f5jaks, kordasin mina sadade ja tuhandete venelaste ja ukrainlaste m\u00f5ttetut igap\u00e4evast tapmist.<\/p>\n<p>Kui L\u00e4\u00e4ne-Euroopa jaoks pole venelase v\u00f5i ukrainlase elu sittagi v\u00e4\u00e4rt, siis ma ei taha olla osa sellisest L\u00e4\u00e4ne-Euroopast. \u00dctlesin A. Costale, et ma ei toeta midagi, isegi kui peaksime Br\u00fcsselis istuma uue aastani, mis tooks kaasa Ukraina s\u00f5jaliste kulutuste toetamise. Olen Slovakkia Vabariigi peaministrina valmis toetama Ukraina \u00fclesehitust Slovakkia ja Ukraina valitsuste kahepoolsete l\u00e4bir\u00e4\u00e4kimiste alusel, kuid ma olen m\u00f5ttetu tapmise vastu.<\/p>\n<p>Selles vaimus saatsin Euroopa \u00dclemkogu eesistujale A. Costale ja k\u00f5igile EL-i liikmesriikide peaministritele kirja, mida saate lugeda siit.\u201d<\/p>\n<p>Fico kiri \u00fctleb j\u00e4rgmist:<\/p>\n<p>Lugupeetud Euroopa \u00dclemkogu eesistuja, lugupeetud Ant\u00f3nio,<\/p>\n<p>arusaamatuste ja kahtluste v\u00e4ltimiseks lubage mul kasutada v\u00f5imalust, et v\u00e4ljendada oma seisukohta Euroopa Komisjoni hiljutiste ettepanekute kohta Ukraina rahaliste vajaduste tagamiseks aastatel 2026\u20132027, sealhulgas k\u00fclmutatud Venemaa varade kasutamise kohta.<\/p>\n<p>Olen juba ammu ja \u00fchem\u00f5tteliselt v\u00e4ljendanud oma seisukohta Ukraina s\u00f5jalise konflikti kohta. Sellele konfliktile ei ole s\u00f5jalist lahendust, Euroopa Liidu strateegia konflikti suhtes on vale ja ebaefektiivne ning s\u00f5ja j\u00e4tkamine on vaid m\u00f5ttetu tapmine ilma Ukraina positsiooni tugevdamata potentsiaalsetel rahul\u00e4bir\u00e4\u00e4kimistel. Seet\u00f5ttu v\u00e4ljendan korduvalt oma tugevat toetust k\u00f5igile rahualgatustele, eriti president Donald Trumpi viimaste n\u00e4dalate pingutustele l\u00f5petada tarbetu verevalamine.<\/p>\n<p>H\u00e4rra president,<\/p>\n<p>kommenteerimata Euroopa Komisjoni pakutud \u00fcksikute lahenduste eeliseid, puudusi v\u00f5i riske, tahaksin v\u00e4ga selgelt \u00f6elda, et eelseisval Euroopa \u00dclemkogu kohtumisel ei ole ma olukorras, kus saaksin toetada \u00fchtegi Ukraina rahaliste vajaduste lahendust, mis h\u00f5lmaks Ukraina s\u00f5jaliste kulude katmist l\u00e4hiaastatel. Ma ei otsi mingeid vabandusi, olgu need siis rahalised v\u00f5i juriidilised, ega vabanda k\u00fclmutatud Venemaa varade kasutamisega seotud riskide ega ka selle \u00fcle, et Slovakkia praegune keeruline finantsolukord ei v\u00f5imalda meil osaleda Euroopa Komisjoni plaanides Ukraina s\u00f5jaliste kulude katmiseks.<\/p>\n<p>Rahupoliitika, mida ma j\u00e4rjekindlalt toetan, takistab mul h\u00e4\u00e4letamast s\u00f5jalise konflikti pikendamise poolt, sest k\u00fcmnete miljardite eurode eraldamine s\u00f5jalisteks kulutusteks pikendab s\u00f5da. R\u00e4\u00e4kimata asjaolust, et k\u00fclmutatud Venemaa varade kasutamine v\u00f5ib otseselt ohustada USA rahup\u00fc\u00fcdlusi, mis loodavad otseselt nende ressursside kasutamisele Ukraina \u00fclesehitamiseks. Te kindlasti m\u00e4letate, et r\u00e4\u00e4kisin sellest riskist avalikult meie mitteametlikul kohtumisel Angolas. Ja r\u00e4\u00e4kimata teabest, mida me \u00fchiselt jagame korruptsiooniskandaalide kohta Ukrainas.<\/p>\n<p>H\u00e4rra president,<\/p>\n<p>Slovakkia valitsus on kindel ja solidaarne tegija. Me aitame Ukrainat paljudes humanitaarvaldkondades. Me varustame neid elektriga ja isegi gaasiga vastassuunas, kuigi just Ukraina poliitiline juhtkond tekitas meile m\u00e4rkimisv\u00e4\u00e4rset rahalist kahju, otsustades peatada gaasitransiidi l\u00e4bi Ukraina territooriumi. T\u00f6\u00f6tame uue energia\u00fchenduse, otseraudtee\u00fchenduse ja piiripunktide remondi kallal ning meie territooriumil viibib ligi 200 000 s\u00f5ja eest p\u00f5genenud Ukraina kodanikku. Korraldame \u00fchiseid valitsusistungeid, saadame humanitaarabi ja oleme valmis j\u00e4tkama seda kahepoolsel tasandil. Oleme Ukraina Euroopa Liiduga \u00fchinemise selged toetajad, kuigi peate tunnistama, et on ka EL-i liikmesriike, kes \u00fchelt poolt toetavad s\u00f5da, kuid teiselt poolt v\u00e4ljendavad \u00fcha enam t\u00f5siseid kahtlusi Ukraina varajase Euroopa Liidu liikmeks saamise suhtes.<\/p>\n<p>Lugupeetud president, lugupeetud Ant\u00f3nio,<\/p>\n<p>ma v\u00f5tan teadmiseks teie Angola avalduse, et Euroopa \u00dclemkogu kohtumine v\u00f5ib kaua aega v\u00f5tta. Selgete seisukohtade s\u00f5nastamisega tahan v\u00e4listada igasuguse arusaamatuse v\u00f5i eksliku ootuse, et Br\u00fcsseli \u00dclemkogu kohtumise pikkus v\u00f5ib minu seisukohta muuta. Ma ei saa ega kavatse mingi surve all toetada \u00fchtegi Ukraina s\u00f5jaliste kulutuste toetamise lahendust, milles Slovakkia Vabariik osaleks. Samal ajal austan ma iga Euroopa Liidu liikmesriigi suver\u00e4\u00e4nset \u00f5igust vabatahtlikult valida erinev lahendus.<\/p>\n<p>Lugupidamisega,<br \/>Robert Fico<\/p>\n<blockquote class=\"twitter-tweet\">\n<p dir=\"ltr\" lang=\"en\">Today I held an almost hour-long phone conversation with the President of the European Council, A. Costa. I fully respect him, but while he spoke about money for the war in Ukraine, I kept repeating the senseless daily killing of hundreds to thousands of Russians and Ukrainians.\u2026 <a href=\"https:\/\/t.co\/0f9JiitWjG\" rel=\"nofollow\">pic.twitter.com\/0f9JiitWjG<\/a><\/p>\n<p>\u2014 Robert Fico \ud83c\uddf8\ud83c\uddf0 (@RobertFicoSVK) <a href=\"https:\/\/twitter.com\/RobertFicoSVK\/status\/1999484137321775516?ref_src=twsrc%5Etfw\" rel=\"nofollow noopener\" target=\"_blank\">December 12, 2025<\/a><\/p>\n<\/blockquote>\n<p>\n\tLoe lisaks\n<\/p>\n<p>\tDiscover more from eestinen<\/p>\n<p class=\"has-text-align-center\" style=\"margin-top:10px;margin-bottom:10px;font-size:15px\">Subscribe to get the latest posts sent to your email.<\/p>\n<p>\t\t\t<script async src=\"https:\/\/platform.twitter.com\/widgets.js\" charset=\"utf-8\"><\/script><\/p>\n","protected":false},"excerpt":{"rendered":"Slovakkia peaminister Robert Fico andis teada, et helistas Euroopa \u00dclemkogu eesistujale Antonio Costale ja tegi talle teatavaks oma&hellip;\n","protected":false},"author":2,"featured_media":63528,"comment_status":"","ping_status":"","sticky":false,"template":"","format":"standard","meta":{"footnotes":""},"categories":[80],"tags":[26,27,37,33,35,34,36,31,32,21,28,29,95,19,25,23,24,22,20,30,92,93,94],"class_list":{"0":"post-63527","1":"post","2":"type-post","3":"status-publish","4":"format-standard","5":"has-post-thumbnail","7":"category-maailm","8":"tag-breaking-news","9":"tag-breakingnews","10":"tag-ee","11":"tag-eesti","12":"tag-eesti-keel","13":"tag-estonia","14":"tag-estonian","15":"tag-featured-news","16":"tag-featurednews","17":"tag-headlines","18":"tag-latest-news","19":"tag-latestnews","20":"tag-maailm","21":"tag-news","22":"tag-populaarseimad-lood","23":"tag-top-stories","24":"tag-topstories","25":"tag-uldised-uudised","26":"tag-uudised","27":"tag-viimased-uudised","28":"tag-world","29":"tag-world-news","30":"tag-worldnews"},"share_on_mastodon":{"url":"https:\/\/pubeurope.com\/@ee\/115711141789756192","error":""},"_links":{"self":[{"href":"https:\/\/www.europesays.com\/ee\/wp-json\/wp\/v2\/posts\/63527","targetHints":{"allow":["GET"]}}],"collection":[{"href":"https:\/\/www.europesays.com\/ee\/wp-json\/wp\/v2\/posts"}],"about":[{"href":"https:\/\/www.europesays.com\/ee\/wp-json\/wp\/v2\/types\/post"}],"author":[{"embeddable":true,"href":"https:\/\/www.europesays.com\/ee\/wp-json\/wp\/v2\/users\/2"}],"replies":[{"embeddable":true,"href":"https:\/\/www.europesays.com\/ee\/wp-json\/wp\/v2\/comments?post=63527"}],"version-history":[{"count":0,"href":"https:\/\/www.europesays.com\/ee\/wp-json\/wp\/v2\/posts\/63527\/revisions"}],"wp:featuredmedia":[{"embeddable":true,"href":"https:\/\/www.europesays.com\/ee\/wp-json\/wp\/v2\/media\/63528"}],"wp:attachment":[{"href":"https:\/\/www.europesays.com\/ee\/wp-json\/wp\/v2\/media?parent=63527"}],"wp:term":[{"taxonomy":"category","embeddable":true,"href":"https:\/\/www.europesays.com\/ee\/wp-json\/wp\/v2\/categories?post=63527"},{"taxonomy":"post_tag","embeddable":true,"href":"https:\/\/www.europesays.com\/ee\/wp-json\/wp\/v2\/tags?post=63527"}],"curies":[{"name":"wp","href":"https:\/\/api.w.org\/{rel}","templated":true}]}}