{"id":63541,"date":"2025-12-13T08:07:19","date_gmt":"2025-12-13T08:07:19","guid":{"rendered":"https:\/\/www.europesays.com\/ee\/63541\/"},"modified":"2025-12-13T08:07:19","modified_gmt":"2025-12-13T08:07:19","slug":"ilm-laheb-uuel-nadalal-taas-pehmeks-ilmajaam","status":"publish","type":"post","link":"https:\/\/www.europesays.com\/ee\/63541\/","title":{"rendered":"Ilm l\u00e4heb uuel n\u00e4dalal taas pehmeks &#8211; Ilmajaam"},"content":{"rendered":"<ol>\n<li><a href=\"https:\/\/news.google.com\/rss\/articles\/CBMifkFVX3lxTE1RUDRPWTl4LTdHVHNPd1ozTy00ZUMzaF9yRGlzaWJjQ1Z3WUNObDBJV3pwa0tkZ1Z4QVFMdWVVSGtVLXFZZzFZZWxTRnF1M3pLUy1vRkZJaG5jcXhvcFJ2M3VNUkNoemI2ajVhZnMzU09NUTNUMW1SeDNabW5DUQ?oc=5\" target=\"_blank\" rel=\"nofollow noopener\">Ilm l\u00e4heb uuel n\u00e4dalal taas pehmeks<\/a>&nbsp;&nbsp;Ilmajaam<\/li>\n<li><a href=\"https:\/\/news.google.com\/rss\/articles\/CBMiwwFBVV95cUxNQUc3T3VwVlc2a0dBeU5IbjI4RDRPOElOYmdscEs0eDRhbmIxTmJ1WGg5TnR6SkdfRjhsdF8wSHctZng4eHJYVVZwTml4a3hWMkdWWWZEQU8tWERtS2RwbVZYNFJKUThob1cyNzBnaE1ZT25uaGhMc2xCSUdiaTB6ZnFibUxxWUt4aUhNakFiY2FDdHpUa1JHc0tBazBCQTJWQjNEUUI4Smp2T2JRcjlfWG1EZ2Q4Y09tVmtCREI2M2pxTlk?oc=5\" target=\"_blank\" rel=\"nofollow noopener\">ILMATEADE | L\u00f5puks lumi! J\u00e4rgnevad p\u00e4evad toovad Eestisse suure saju ja libedad teed<\/a>&nbsp;&nbsp;Maaleht<\/li>\n<li><a href=\"https:\/\/news.google.com\/rss\/articles\/CBMikgFBVV95cUxOU0l6NUxWVV9Ea251RFhkWHRaSURVNWhrYTZxXzNfcnNfX0o3ZjRRQU5XOG9oUU5Ec3B6SHNtNXBrY3JMTkgxaVpUNUlEOHhJaHN1UmpvWmdqTlZqUHB2dWNiSVJJSEFGaHAwREtIYjZEZUtUODE5LWlmZE5nODFhdUg2S0Z4MXlEeVoxNC14eGRQdw?oc=5\" target=\"_blank\" rel=\"nofollow noopener\">ETTEVAATUST! Madala temperatuuri t\u00f5ttu j\u00e4\u00e4tuvad t\u00e4na teed<\/a>&nbsp;&nbsp;\u00d5htuleht<\/li>\n<li><a href=\"https:\/\/news.google.com\/rss\/articles\/CBMilAFBVV95cUxQVEp1d0NKZXhyZFZPd3ZxU01Qc0xZQW01ZHQta2xLaVVGZ3hEamE0Y0s1V2hWcmE4SlNNcUdyc2phaU1PQ1UyWDAxN1dKY1VWZFAycGpzNmtjdUI3Q2JhTERYZU5raXhod21FdE1paHh0Ylo0S0JscHZCZjNNUl83ZkNlckhndzFmQWJHZkt4Q2ozYk9D?oc=5\" target=\"_blank\" rel=\"nofollow noopener\">J\u00e4rgmised paar p\u00e4eva on ilm k\u00fclmem, siis l\u00e4heb taas soojemaks<\/a>&nbsp;&nbsp;ERR<\/li>\n<li><a href=\"https:\/\/news.google.com\/rss\/articles\/CBMibkFVX3lxTFBqOTNUcHdteE5HcmM3LTZlZWxnaU5rN3dTSEFrb3JURjFiU1pLRm9hZUE5MlNhUU9EUXhTaWZyZ3RIbWdWN2lIVWpyRXREdkp2RmliN0s0enJLRmpKZ1NyT0JQejhxcTNpV1ZXa3B3?oc=5\" target=\"_blank\" rel=\"nofollow noopener\">3 p\u00e4eva ilm \u2013 L\u00e4heb k\u00fclmaks ja saabub lumi!<\/a>&nbsp;&nbsp;MinuAeg |<\/li>\n<\/ol>\n","protected":false},"excerpt":{"rendered":"Ilm l\u00e4heb uuel n\u00e4dalal taas pehmeks&nbsp;&nbsp;Ilmajaam ILMATEADE | L\u00f5puks lumi! J\u00e4rgnevad p\u00e4evad toovad Eestisse suure saju ja libedad&hellip;\n","protected":false},"author":2,"featured_media":63542,"comment_status":"","ping_status":"","sticky":false,"template":"","format":"standard","meta":{"footnotes":"","_share_on_mastodon":"0"},"categories":[5],"tags":[26,27,37,33,35,12630,34,36,31,32,21,668,28,29,32161,7430,8118,19,24042,20633,32160,25,30296,5020,18389,23,24,8798,22,20,4324,30],"class_list":["post-63541","post","type-post","status-publish","format-standard","has-post-thumbnail","category-uldised-uudised","tag-breaking-news","tag-breakingnews","tag-ee","tag-eesti","tag-eesti-keel","tag-esmaspaev","tag-estonia","tag-estonian","tag-featured-news","tag-featurednews","tag-headlines","tag-ilm","tag-latest-news","tag-latestnews","tag-laupaev","tag-lorts","tag-lumi","tag-news","tag-oo","tag-paev","tag-pilvisus","tag-populaarseimad-lood","tag-puhapaev","tag-sadu","tag-temperatuur","tag-top-stories","tag-topstories","tag-tuul","tag-uldised-uudised","tag-uudised","tag-vihm","tag-viimased-uudised"],"share_on_mastodon":{"url":"https:\/\/pubeurope.com\/@ee\/115711236068993682","error":""},"_links":{"self":[{"href":"https:\/\/www.europesays.com\/ee\/wp-json\/wp\/v2\/posts\/63541","targetHints":{"allow":["GET"]}}],"collection":[{"href":"https:\/\/www.europesays.com\/ee\/wp-json\/wp\/v2\/posts"}],"about":[{"href":"https:\/\/www.europesays.com\/ee\/wp-json\/wp\/v2\/types\/post"}],"author":[{"embeddable":true,"href":"https:\/\/www.europesays.com\/ee\/wp-json\/wp\/v2\/users\/2"}],"replies":[{"embeddable":true,"href":"https:\/\/www.europesays.com\/ee\/wp-json\/wp\/v2\/comments?post=63541"}],"version-history":[{"count":0,"href":"https:\/\/www.europesays.com\/ee\/wp-json\/wp\/v2\/posts\/63541\/revisions"}],"wp:featuredmedia":[{"embeddable":true,"href":"https:\/\/www.europesays.com\/ee\/wp-json\/wp\/v2\/media\/63542"}],"wp:attachment":[{"href":"https:\/\/www.europesays.com\/ee\/wp-json\/wp\/v2\/media?parent=63541"}],"wp:term":[{"taxonomy":"category","embeddable":true,"href":"https:\/\/www.europesays.com\/ee\/wp-json\/wp\/v2\/categories?post=63541"},{"taxonomy":"post_tag","embeddable":true,"href":"https:\/\/www.europesays.com\/ee\/wp-json\/wp\/v2\/tags?post=63541"}],"curies":[{"name":"wp","href":"https:\/\/api.w.org\/{rel}","templated":true}]}}