{"id":63587,"date":"2025-12-13T09:44:23","date_gmt":"2025-12-13T09:44:23","guid":{"rendered":"https:\/\/www.europesays.com\/ee\/63587\/"},"modified":"2025-12-13T09:44:23","modified_gmt":"2025-12-13T09:44:23","slug":"saksamaa-suudistab-venemaad-kuberrunnakus-ja-desinformatsioonis-ning-kutsus-valja-suursaadiku","status":"publish","type":"post","link":"https:\/\/www.europesays.com\/ee\/63587\/","title":{"rendered":"Saksamaa s\u00fc\u00fcdistab Venemaad k\u00fcberr\u00fcnnakus ja desinformatsioonis ning kutsus v\u00e4lja suursaadiku"},"content":{"rendered":"<p>2024. aasta augusti k\u00fcberr\u00fcnnak Saksamaa lennuliikluse juhtimise ettev\u00f5tte Deutsche Flugsicherung (DFS) vastu on n\u00fc\u00fcd selgelt seostatud Fancy Bearina tuntud h\u00e4kkerite kollektiiviga APT28 ja selle eest vastutab Venemaa s\u00f5jav\u00e4eluure <a rel=\"noopener nofollow\" target=\"_blank\" href=\"https:\/\/www.delfi.ee\/teema\/66371318\/gru\" tag-id=\"66371318\">GRU<\/a>, teatas Saksamaa v\u00e4lisministeeriumi esindaja, vahendavad AFP ja DPA.<\/p>\n<p>Lisaks sellele saab v\u00e4lisministeeriumi esindaja s\u00f5nul n\u00fc\u00fcd kindlalt \u00f6elda, et Venemaa on p\u00fc\u00fcdnud m\u00f5jutada ja destabiliseerida nii viimaseid Bundestagi valimisi kui ka j\u00e4tkuvalt Saksamaa Liitvabariigi siseasju.<\/p>\n<p>Venemaa tegevuse eesm\u00e4rk on Saksamaa \u00fchiskonda l\u00f5hestada ja kahandada usalust institutsioonide vastu. V\u00e4lisministeeriumi esindaja lisas, et Saksamaa m\u00f5istab Venemaa tegevuse hukka ja kasutab vastumeetmeid.<\/p>\n<p>2024. aasta augustis ja septembris toimusid k\u00fcberr\u00fcnnakud DFS-i haldus- ja kontori-IT-s\u00fcsteemide vastu. R\u00fcndajad murdsid sisse sisemisse IT-infrastruktuuri ja halvasid osa kontorikommunikatsioonidest.<\/p>\n<p>Lennujuhtimisteenuseid r\u00fcnnak ei m\u00f5jutanud. Ei avaldatud, kas r\u00fcnnaku k\u00e4igus varastati ka mingeid andmeid.<\/p>\n<p>Kuidas see lugu Sind end tundma pani? Saada <a href=\"https:\/\/www.delfi.ee\/artikkel\/120423259\/saksamaa-suudistab-venemaad-kuberrunnakus-ja-desinformatsioonis-ning-kutsus-valja-suursaadiku\/kommentaarid\" class=\"article-body-bottom__comment article-body-bottom__comment--write button button--primary button--size-auto\" rel=\"nofollow noopener\" target=\"_blank\"> Kommenteeri <\/a><a href=\"https:\/\/www.delfi.ee\/artikkel\/120423259\/saksamaa-suudistab-venemaad-kuberrunnakus-ja-desinformatsioonis-ning-kutsus-valja-suursaadiku\/kommentaarid\" class=\"article-body-bottom__comment article-body-bottom__comment--read button button--size-auto\" rel=\"nofollow noopener\" target=\"_blank\"> Loe kommentaare (11)<\/a><\/p>\n","protected":false},"excerpt":{"rendered":"2024. aasta augusti k\u00fcberr\u00fcnnak Saksamaa lennuliikluse juhtimise ettev\u00f5tte Deutsche Flugsicherung (DFS) vastu on n\u00fc\u00fcd selgelt seostatud Fancy Bearina&hellip;\n","protected":false},"author":2,"featured_media":63588,"comment_status":"","ping_status":"","sticky":false,"template":"","format":"standard","meta":{"footnotes":"","_share_on_mastodon":"0"},"categories":[80],"tags":[613,26,27,13310,37,33,35,34,36,31,32,2523,21,28,29,95,19,25,51,23,24,22,20,96,30,92,93,94],"class_list":["post-63587","post","type-post","status-publish","format-standard","has-post-thumbnail","category-maailm","tag-berliin","tag-breaking-news","tag-breakingnews","tag-bundestag","tag-ee","tag-eesti","tag-eesti-keel","tag-estonia","tag-estonian","tag-featured-news","tag-featurednews","tag-gru","tag-headlines","tag-latest-news","tag-latestnews","tag-maailm","tag-news","tag-populaarseimad-lood","tag-saksamaa","tag-top-stories","tag-topstories","tag-uldised-uudised","tag-uudised","tag-venemaa","tag-viimased-uudised","tag-world","tag-world-news","tag-worldnews"],"share_on_mastodon":{"url":"https:\/\/pubeurope.com\/@ee\/115711617413156406","error":""},"_links":{"self":[{"href":"https:\/\/www.europesays.com\/ee\/wp-json\/wp\/v2\/posts\/63587","targetHints":{"allow":["GET"]}}],"collection":[{"href":"https:\/\/www.europesays.com\/ee\/wp-json\/wp\/v2\/posts"}],"about":[{"href":"https:\/\/www.europesays.com\/ee\/wp-json\/wp\/v2\/types\/post"}],"author":[{"embeddable":true,"href":"https:\/\/www.europesays.com\/ee\/wp-json\/wp\/v2\/users\/2"}],"replies":[{"embeddable":true,"href":"https:\/\/www.europesays.com\/ee\/wp-json\/wp\/v2\/comments?post=63587"}],"version-history":[{"count":0,"href":"https:\/\/www.europesays.com\/ee\/wp-json\/wp\/v2\/posts\/63587\/revisions"}],"wp:featuredmedia":[{"embeddable":true,"href":"https:\/\/www.europesays.com\/ee\/wp-json\/wp\/v2\/media\/63588"}],"wp:attachment":[{"href":"https:\/\/www.europesays.com\/ee\/wp-json\/wp\/v2\/media?parent=63587"}],"wp:term":[{"taxonomy":"category","embeddable":true,"href":"https:\/\/www.europesays.com\/ee\/wp-json\/wp\/v2\/categories?post=63587"},{"taxonomy":"post_tag","embeddable":true,"href":"https:\/\/www.europesays.com\/ee\/wp-json\/wp\/v2\/tags?post=63587"}],"curies":[{"name":"wp","href":"https:\/\/api.w.org\/{rel}","templated":true}]}}