{"id":63621,"date":"2025-12-13T10:51:07","date_gmt":"2025-12-13T10:51:07","guid":{"rendered":"https:\/\/www.europesays.com\/ee\/63621\/"},"modified":"2025-12-13T10:51:07","modified_gmt":"2025-12-13T10:51:07","slug":"leningradi-oblasti-elanikel-soovitati-arvestada-et-puhade-ajal-pole-internetti","status":"publish","type":"post","link":"https:\/\/www.europesays.com\/ee\/63621\/","title":{"rendered":"Leningradi oblasti elanikel soovitati arvestada, et p\u00fchade ajal pole internetti"},"content":{"rendered":"<p>\u00abV\u00f5imalik, et uue aasta l\u00e4henedes ja p\u00fchade ajal seoses v\u00f5imelike provokatsioonide, droonir\u00fcnnakute ning k\u00fcberr\u00fcnnakute p\u00fc\u00fcetega oleme sunnitud kehtestama piirangud Leningradi piirkonnas,\u00bb kirjutas Telegramis kuberner Aleksander Drozdenko.<\/p>\n<p>Kuberneri s\u00f5nul on julgeolekuj\u00f5ud otsustanud, et internet ja kommunikatsioonid l\u00fclitatakse v\u00e4lja ning aeglustatakse kindlatele internetilehtedele ligip\u00e4\u00e4su, kirjutab Moscow Times.<\/p>\n","protected":false},"excerpt":{"rendered":"\u00abV\u00f5imalik, et uue aasta l\u00e4henedes ja p\u00fchade ajal seoses v\u00f5imelike provokatsioonide, droonir\u00fcnnakute ning k\u00fcberr\u00fcnnakute p\u00fc\u00fcetega oleme sunnitud kehtestama&hellip;\n","protected":false},"author":2,"featured_media":63622,"comment_status":"","ping_status":"","sticky":false,"template":"","format":"standard","meta":{"footnotes":"","_share_on_mastodon":"0"},"categories":[80],"tags":[32203,26,27,32200,37,33,35,34,36,31,32,21,381,32201,10491,28,29,32204,95,18784,5280,19,32202,25,23,24,22,20,30,92,93,94],"class_list":["post-63621","post","type-post","status-publish","format-standard","has-post-thumbnail","category-maailm","tag-aleksander-drozdenko","tag-breaking-news","tag-breakingnews","tag-downdetector","tag-ee","tag-eesti","tag-eesti-keel","tag-estonia","tag-estonian","tag-featured-news","tag-featurednews","tag-headlines","tag-internet","tag-katkestus","tag-kuberrunnakud","tag-latest-news","tag-latestnews","tag-leningradi-piirkond","tag-maailm","tag-max","tag-mobiilne-internet","tag-news","tag-peterburg","tag-populaarseimad-lood","tag-top-stories","tag-topstories","tag-uldised-uudised","tag-uudised","tag-viimased-uudised","tag-world","tag-world-news","tag-worldnews"],"share_on_mastodon":{"url":"https:\/\/pubeurope.com\/@ee\/115711880969162736","error":""},"_links":{"self":[{"href":"https:\/\/www.europesays.com\/ee\/wp-json\/wp\/v2\/posts\/63621","targetHints":{"allow":["GET"]}}],"collection":[{"href":"https:\/\/www.europesays.com\/ee\/wp-json\/wp\/v2\/posts"}],"about":[{"href":"https:\/\/www.europesays.com\/ee\/wp-json\/wp\/v2\/types\/post"}],"author":[{"embeddable":true,"href":"https:\/\/www.europesays.com\/ee\/wp-json\/wp\/v2\/users\/2"}],"replies":[{"embeddable":true,"href":"https:\/\/www.europesays.com\/ee\/wp-json\/wp\/v2\/comments?post=63621"}],"version-history":[{"count":0,"href":"https:\/\/www.europesays.com\/ee\/wp-json\/wp\/v2\/posts\/63621\/revisions"}],"wp:featuredmedia":[{"embeddable":true,"href":"https:\/\/www.europesays.com\/ee\/wp-json\/wp\/v2\/media\/63622"}],"wp:attachment":[{"href":"https:\/\/www.europesays.com\/ee\/wp-json\/wp\/v2\/media?parent=63621"}],"wp:term":[{"taxonomy":"category","embeddable":true,"href":"https:\/\/www.europesays.com\/ee\/wp-json\/wp\/v2\/categories?post=63621"},{"taxonomy":"post_tag","embeddable":true,"href":"https:\/\/www.europesays.com\/ee\/wp-json\/wp\/v2\/tags?post=63621"}],"curies":[{"name":"wp","href":"https:\/\/api.w.org\/{rel}","templated":true}]}}