{"id":63641,"date":"2025-12-13T11:22:07","date_gmt":"2025-12-13T11:22:07","guid":{"rendered":"https:\/\/www.europesays.com\/ee\/63641\/"},"modified":"2025-12-13T11:22:07","modified_gmt":"2025-12-13T11:22:07","slug":"suri-filmidest-mask-ja-pulp-fiction-tuntud-naitleja-peter-greene-film","status":"publish","type":"post","link":"https:\/\/www.europesays.com\/ee\/63641\/","title":{"rendered":"Suri filmidest &#8220;Mask&#8221; ja &#8220;Pulp Fiction&#8221; tuntud n\u00e4itleja Peter Greene | Film"},"content":{"rendered":"<p>Ameerika \u00dchendriikide n\u00e4itleja Peter Greene, kes oli tuntud rollide poolest filmides &#8220;Mask&#8221; ja &#8220;Pulp Fiction&#8221;, leiti reede p\u00e4rastl\u00f5unal surnuna oma korterist New Yorgis.<\/p>\n<p>60-aastase Peter Greene&#8217;i surma kinnitas tema pikaaegne m\u00e4ned\u017eer Gregg Edwards.<\/p>\n<p>Politsei teatel leiti Greene teadvuseta oma Clinton Streeti korterist Lower East Side&#8217;i piirkonnas. Esialgsetel andmetel ei kahtlustata kuritegu. Surma t\u00e4pse p\u00f5hjuse selgitab kohtuarst.<\/p>\n<p>Greene&#8217;i tuntuimaks rolliks peetakse mafiooso Dorian Tyrelli osat\u00e4itmist filmis &#8220;Mask&#8221;, kus ta m\u00e4ngis koos Jim Carrey ja Cameron Diaziga. Samuti tegi ta meeldej\u00e4\u00e4va rolli Quentin Tarantino filmis &#8220;Pulp Fiction&#8221;.<\/p>\n<p>Lisaks m\u00e4ngis ta ka filmides &#8220;Usual Suspects&#8221;, &#8220;Training Day&#8221;, &#8220;Blue Streak&#8221;, &#8220;Laws of Gravity&#8221; ja &#8220;Clean, Shaven&#8221;. Kokku oli tal karj\u00e4\u00e4ri jooksul ligikaudu 95 rolli filmi- ja telelavastustes.<\/p>\n<p>Greene&#8217;i kauaaegse m\u00e4ned\u017eeri s\u00f5nul pidi n\u00e4itleja alustama jaanuaris v\u00f5tteid p\u00f5nevusfilmis &#8220;Mascots&#8221;, kus ta oleks m\u00e4nginud koos Mickey Rourke&#8217;iga.<\/p>\n","protected":false},"excerpt":{"rendered":"Ameerika \u00dchendriikide n\u00e4itleja Peter Greene, kes oli tuntud rollide poolest filmides &#8220;Mask&#8221; ja &#8220;Pulp Fiction&#8221;, leiti reede p\u00e4rastl\u00f5unal&hellip;\n","protected":false},"author":2,"featured_media":63642,"comment_status":"","ping_status":"","sticky":false,"template":"","format":"standard","meta":{"footnotes":"","_share_on_mastodon":"0"},"categories":[16],"tags":[37,33,35,173,34,36,140,32211],"class_list":["post-63641","post","type-post","status-publish","format-standard","has-post-thumbnail","category-meelelahutus","tag-ee","tag-eesti","tag-eesti-keel","tag-entertainment","tag-estonia","tag-estonian","tag-meelelahutus","tag-peter-greene"],"share_on_mastodon":{"url":"https:\/\/pubeurope.com\/@ee\/115712002999043336","error":""},"_links":{"self":[{"href":"https:\/\/www.europesays.com\/ee\/wp-json\/wp\/v2\/posts\/63641","targetHints":{"allow":["GET"]}}],"collection":[{"href":"https:\/\/www.europesays.com\/ee\/wp-json\/wp\/v2\/posts"}],"about":[{"href":"https:\/\/www.europesays.com\/ee\/wp-json\/wp\/v2\/types\/post"}],"author":[{"embeddable":true,"href":"https:\/\/www.europesays.com\/ee\/wp-json\/wp\/v2\/users\/2"}],"replies":[{"embeddable":true,"href":"https:\/\/www.europesays.com\/ee\/wp-json\/wp\/v2\/comments?post=63641"}],"version-history":[{"count":0,"href":"https:\/\/www.europesays.com\/ee\/wp-json\/wp\/v2\/posts\/63641\/revisions"}],"wp:featuredmedia":[{"embeddable":true,"href":"https:\/\/www.europesays.com\/ee\/wp-json\/wp\/v2\/media\/63642"}],"wp:attachment":[{"href":"https:\/\/www.europesays.com\/ee\/wp-json\/wp\/v2\/media?parent=63641"}],"wp:term":[{"taxonomy":"category","embeddable":true,"href":"https:\/\/www.europesays.com\/ee\/wp-json\/wp\/v2\/categories?post=63641"},{"taxonomy":"post_tag","embeddable":true,"href":"https:\/\/www.europesays.com\/ee\/wp-json\/wp\/v2\/tags?post=63641"}],"curies":[{"name":"wp","href":"https:\/\/api.w.org\/{rel}","templated":true}]}}