{"id":63787,"date":"2025-12-13T15:21:10","date_gmt":"2025-12-13T15:21:10","guid":{"rendered":"https:\/\/www.europesays.com\/ee\/63787\/"},"modified":"2025-12-13T15:21:10","modified_gmt":"2025-12-13T15:21:10","slug":"foto-%e2%9f%a9-bussi-tagant-valja-kihutanud-autojuhti-ei-heidutanud-ka-vastutulev-auto","status":"publish","type":"post","link":"https:\/\/www.europesays.com\/ee\/63787\/","title":{"rendered":"FOTO \u27e9 Bussi tagant v\u00e4lja kihutanud autojuhti ei heidutanud ka vastutulev auto"},"content":{"rendered":"<p>Facebooki grupis EZ-\u0434\u0443\u043d\u044b!, mis on enamasti venekeelne ja millel on \u00fcle 200 000 liikme, on leitav video, mille filmis 30.11 oma pardakaamera abil Olegi-nimeline mees.<\/p>\n<p>Videos on n\u00e4ha, kuidas Tallinnas, \u00f5htusel ajal bussipeatuses peatunud \u00fchistranspordi tagant keerab \u00fchel hetkel v\u00e4lja autojuht ning vaatamata sellele, et talle tuleb vastassuunast auto vastu, Oleg roolis,j\u00e4tkab auto m\u00f6\u00f6das\u00f5itu.<\/p>\n","protected":false},"excerpt":{"rendered":"Facebooki grupis EZ-\u0434\u0443\u043d\u044b!, mis on enamasti venekeelne ja millel on \u00fcle 200 000 liikme, on leitav video, mille&hellip;\n","protected":false},"author":2,"featured_media":63788,"comment_status":"","ping_status":"","sticky":false,"template":"","format":"standard","meta":{"footnotes":"","_share_on_mastodon":"0"},"categories":[12],"tags":[26,27,7917,37,33,35,34,36,31,32,21,28,29,32291,32289,19,32288,353,25,32290,32292,2130,23,24,22,20,30],"class_list":["post-63787","post","type-post","status-publish","format-standard","has-post-thumbnail","category-eesti","tag-breaking-news","tag-breakingnews","tag-bussipeatus","tag-ee","tag-eesti","tag-eesti-keel","tag-estonia","tag-estonian","tag-featured-news","tag-featurednews","tag-headlines","tag-latest-news","tag-latestnews","tag-liiklusjuhtum","tag-liikuri-tanav","tag-news","tag-oleg","tag-politsei","tag-populaarseimad-lood","tag-pusivjoon","tag-raido-sults","tag-tallinn","tag-top-stories","tag-topstories","tag-uldised-uudised","tag-uudised","tag-viimased-uudised"],"share_on_mastodon":{"url":"https:\/\/pubeurope.com\/@ee\/115712942578608491","error":""},"_links":{"self":[{"href":"https:\/\/www.europesays.com\/ee\/wp-json\/wp\/v2\/posts\/63787","targetHints":{"allow":["GET"]}}],"collection":[{"href":"https:\/\/www.europesays.com\/ee\/wp-json\/wp\/v2\/posts"}],"about":[{"href":"https:\/\/www.europesays.com\/ee\/wp-json\/wp\/v2\/types\/post"}],"author":[{"embeddable":true,"href":"https:\/\/www.europesays.com\/ee\/wp-json\/wp\/v2\/users\/2"}],"replies":[{"embeddable":true,"href":"https:\/\/www.europesays.com\/ee\/wp-json\/wp\/v2\/comments?post=63787"}],"version-history":[{"count":0,"href":"https:\/\/www.europesays.com\/ee\/wp-json\/wp\/v2\/posts\/63787\/revisions"}],"wp:featuredmedia":[{"embeddable":true,"href":"https:\/\/www.europesays.com\/ee\/wp-json\/wp\/v2\/media\/63788"}],"wp:attachment":[{"href":"https:\/\/www.europesays.com\/ee\/wp-json\/wp\/v2\/media?parent=63787"}],"wp:term":[{"taxonomy":"category","embeddable":true,"href":"https:\/\/www.europesays.com\/ee\/wp-json\/wp\/v2\/categories?post=63787"},{"taxonomy":"post_tag","embeddable":true,"href":"https:\/\/www.europesays.com\/ee\/wp-json\/wp\/v2\/tags?post=63787"}],"curies":[{"name":"wp","href":"https:\/\/api.w.org\/{rel}","templated":true}]}}