{"id":63877,"date":"2025-12-13T18:43:15","date_gmt":"2025-12-13T18:43:15","guid":{"rendered":"https:\/\/www.europesays.com\/ee\/63877\/"},"modified":"2025-12-13T18:43:15","modified_gmt":"2025-12-13T18:43:15","slug":"video-%e2%9f%a9-jasikevicius-maaris-parast-vaga-magusat-voitu-vastasleeri-vanale-kamraadile-mett-mokale","status":"publish","type":"post","link":"https:\/\/www.europesays.com\/ee\/63877\/","title":{"rendered":"VIDEO \u27e9 Jasikevicius m\u00e4\u00e4ris p\u00e4rast v\u00e4ga magusat v\u00f5itu vastasleeri vanale kamraadile mett mokale"},"content":{"rendered":"<p>Omavahel on v\u00e4ljakul madistatud lugematul arvul kordadel. 2009. aastal tuldi Ateena Panathinaikosega \u00fchiselt ka Euroliiga meistriks. H\u00e4sti saadakse l\u00e4bi siiani, kui Jasikevicius t\u00fc\u00fcrib Istanbuli Fenerbahcet ning Spanoulis juhendab Monacot.<\/p>\n<p>Eile \u00f5htul peeti neist viimase juures tuline partii. V\u00f5\u00f5rustajad juhtisid veidi enne viimast veerandaega juba 17ga ning paistis, et p\u00f5nevaks ei l\u00e4hegi. K\u00fclalised arvasid aga teisiti.<\/p>\n","protected":false},"excerpt":{"rendered":"Omavahel on v\u00e4ljakul madistatud lugematul arvul kordadel. 2009. aastal tuldi Ateena Panathinaikosega \u00fchiselt ka Euroliiga meistriks. H\u00e4sti saadakse&hellip;\n","protected":false},"author":2,"featured_media":63878,"comment_status":"","ping_status":"","sticky":false,"template":"","format":"standard","meta":{"footnotes":"","_share_on_mastodon":"0"},"categories":[18],"tags":[13864,32350,37,33,35,34,36,16869,32348,10039,32346,9988,23421,32349,159,158,32347],"class_list":["post-63877","post","type-post","status-publish","format-standard","has-post-thumbnail","category-sport","tag-belgrad","tag-crvena-zvezda","tag-ee","tag-eesti","tag-eesti-keel","tag-estonia","tag-estonian","tag-fenerbahce","tag-jasikevicius","tag-mike-james","tag-mirko-ocokoljic","tag-monaco","tag-partizan","tag-spanoulis","tag-sport","tag-sports","tag-talen-horton-tucker"],"share_on_mastodon":{"url":"https:\/\/pubeurope.com\/@ee\/115713737022167719","error":""},"_links":{"self":[{"href":"https:\/\/www.europesays.com\/ee\/wp-json\/wp\/v2\/posts\/63877","targetHints":{"allow":["GET"]}}],"collection":[{"href":"https:\/\/www.europesays.com\/ee\/wp-json\/wp\/v2\/posts"}],"about":[{"href":"https:\/\/www.europesays.com\/ee\/wp-json\/wp\/v2\/types\/post"}],"author":[{"embeddable":true,"href":"https:\/\/www.europesays.com\/ee\/wp-json\/wp\/v2\/users\/2"}],"replies":[{"embeddable":true,"href":"https:\/\/www.europesays.com\/ee\/wp-json\/wp\/v2\/comments?post=63877"}],"version-history":[{"count":0,"href":"https:\/\/www.europesays.com\/ee\/wp-json\/wp\/v2\/posts\/63877\/revisions"}],"wp:featuredmedia":[{"embeddable":true,"href":"https:\/\/www.europesays.com\/ee\/wp-json\/wp\/v2\/media\/63878"}],"wp:attachment":[{"href":"https:\/\/www.europesays.com\/ee\/wp-json\/wp\/v2\/media?parent=63877"}],"wp:term":[{"taxonomy":"category","embeddable":true,"href":"https:\/\/www.europesays.com\/ee\/wp-json\/wp\/v2\/categories?post=63877"},{"taxonomy":"post_tag","embeddable":true,"href":"https:\/\/www.europesays.com\/ee\/wp-json\/wp\/v2\/tags?post=63877"}],"curies":[{"name":"wp","href":"https:\/\/api.w.org\/{rel}","templated":true}]}}