{"id":63900,"date":"2025-12-13T19:20:18","date_gmt":"2025-12-13T19:20:18","guid":{"rendered":"https:\/\/www.europesays.com\/ee\/63900\/"},"modified":"2025-12-13T19:20:18","modified_gmt":"2025-12-13T19:20:18","slug":"ule-atlandi-soudjad-said-uue-stardiaja-puhapaevaks","status":"publish","type":"post","link":"https:\/\/www.europesays.com\/ee\/63900\/","title":{"rendered":"\u00dcle Atlandi s\u00f5udjad said uue stardiaja p\u00fchap\u00e4evaks"},"content":{"rendered":"<p>Andres K\u00e4osaar, Arnold Rein Tatunts, Karl J\u00fcrgenstein ja Kait Kaarel Puss on detsembri algusest saadik olnud Kanaari saarel La Gomeral. Nende eesm\u00e4rk on s\u00f5uda sealt \u00fcle Atlandi ookeani ehk ligi 40 p\u00e4evaga umbes 4800 kilomeetrit v\u00f5istlusel The World&#8217;s Toughest Row.<\/p>\n<p>Mehed teadsid juba ammu, et ookeanile tuleb asuda neljap\u00e4eval Eesti aja j\u00e4rgi kell 13. Kuid kolmap\u00e4eval v\u00f5ttis v\u00f5istluse direktor Carsten Heron Olsen vastu otsuse start edasi l\u00fckata. \u00abP\u00e4rast ilmastikuolude pidevat j\u00e4lgimist kogu p\u00e4eva jooksul ei ole prognoos paranenud. Tugev tuul p\u00fcsib nii reedel kui ka laup\u00e4eval,\u00bb selgitas ta.<\/p>\n","protected":false},"excerpt":{"rendered":"Andres K\u00e4osaar, Arnold Rein Tatunts, Karl J\u00fcrgenstein ja Kait Kaarel Puss on detsembri algusest saadik olnud Kanaari saarel&hellip;\n","protected":false},"author":2,"featured_media":61910,"comment_status":"","ping_status":"","sticky":false,"template":"","format":"standard","meta":{"footnotes":""},"categories":[5],"tags":[4843,26,27,37,33,35,591,34,36,31,32,21,28,29,3448,19,25,249,1802,23,24,4842,22,293,20,30],"class_list":{"0":"post-63900","1":"post","2":"type-post","3":"status-publish","4":"format-standard","5":"has-post-thumbnail","7":"category-uldised-uudised","8":"tag-annelinn","9":"tag-breaking-news","10":"tag-breakingnews","11":"tag-ee","12":"tag-eesti","13":"tag-eesti-keel","14":"tag-emajogi","15":"tag-estonia","16":"tag-estonian","17":"tag-featured-news","18":"tag-featurednews","19":"tag-headlines","20":"tag-latest-news","21":"tag-latestnews","22":"tag-maaulikool","23":"tag-news","24":"tag-populaarseimad-lood","25":"tag-tartu","26":"tag-tartumaa","27":"tag-top-stories","28":"tag-topstories","29":"tag-tu","30":"tag-uldised-uudised","31":"tag-ulikool","32":"tag-uudised","33":"tag-viimased-uudised"},"share_on_mastodon":{"url":"https:\/\/pubeurope.com\/@ee\/115713882564141086","error":""},"_links":{"self":[{"href":"https:\/\/www.europesays.com\/ee\/wp-json\/wp\/v2\/posts\/63900","targetHints":{"allow":["GET"]}}],"collection":[{"href":"https:\/\/www.europesays.com\/ee\/wp-json\/wp\/v2\/posts"}],"about":[{"href":"https:\/\/www.europesays.com\/ee\/wp-json\/wp\/v2\/types\/post"}],"author":[{"embeddable":true,"href":"https:\/\/www.europesays.com\/ee\/wp-json\/wp\/v2\/users\/2"}],"replies":[{"embeddable":true,"href":"https:\/\/www.europesays.com\/ee\/wp-json\/wp\/v2\/comments?post=63900"}],"version-history":[{"count":0,"href":"https:\/\/www.europesays.com\/ee\/wp-json\/wp\/v2\/posts\/63900\/revisions"}],"wp:featuredmedia":[{"embeddable":true,"href":"https:\/\/www.europesays.com\/ee\/wp-json\/wp\/v2\/media\/61910"}],"wp:attachment":[{"href":"https:\/\/www.europesays.com\/ee\/wp-json\/wp\/v2\/media?parent=63900"}],"wp:term":[{"taxonomy":"category","embeddable":true,"href":"https:\/\/www.europesays.com\/ee\/wp-json\/wp\/v2\/categories?post=63900"},{"taxonomy":"post_tag","embeddable":true,"href":"https:\/\/www.europesays.com\/ee\/wp-json\/wp\/v2\/tags?post=63900"}],"curies":[{"name":"wp","href":"https:\/\/api.w.org\/{rel}","templated":true}]}}