{"id":63902,"date":"2025-12-13T19:31:16","date_gmt":"2025-12-13T19:31:16","guid":{"rendered":"https:\/\/www.europesays.com\/ee\/63902\/"},"modified":"2025-12-13T19:31:16","modified_gmt":"2025-12-13T19:31:16","slug":"250-kilo-kaalunud-usa-laulja-pidime-seksimiseks-aeroobikat-tegema","status":"publish","type":"post","link":"https:\/\/www.europesays.com\/ee\/63902\/","title":{"rendered":"250 kilo kaalunud USA laulja: \u00abPidime seksimiseks aeroobikat tegema\u00bb"},"content":{"rendered":"<p>Viimaste aastate jooksul k\u00f5vasti kaalust alla v\u00f5tnud USA laulja ja r\u00e4ppar Jason Bradley DeFord ehk Jelly Roll (41) k\u00e4is hiljuti \u00abThe Joe Rogan Experience&#8217;i\u00bb taskuh\u00e4\u00e4lingus. Lisaks k\u00f5igele muule tuli jutuks ka Jelly Rolli intiimelu tema abikaasa Bunnie Xo&#8217;ga, mis oli \u00fclekaalu t\u00f5ttu paarile pikalt probleemiks olnud, vahendab <a target=\"_blank\" rel=\"noopener noreferrer nofollow\" href=\"https:\/\/pagesix.com\/2025\/12\/10\/celebrity-news\/jelly-roll-details-horrible-sex-life-with-wife-bunnie-xo-before-losing-200-pounds\/\">Page Six<\/a>.<\/p>\n<p>2022. aastast alates 90 kilo kaotanud Jelly Roll tunnistas taskuh\u00e4\u00e4lingus: \u00abMu seksielu oli kohutav. Mul isegi ei t\u00f5usnud, ma olin nii suur.\u00bb<\/p>\n","protected":false},"excerpt":{"rendered":"Viimaste aastate jooksul k\u00f5vasti kaalust alla v\u00f5tnud USA laulja ja r\u00e4ppar Jason Bradley DeFord ehk Jelly Roll (41)&hellip;\n","protected":false},"author":2,"featured_media":63903,"comment_status":"","ping_status":"","sticky":false,"template":"","format":"standard","meta":{"footnotes":""},"categories":[80],"tags":[26,27,37,33,35,67,34,36,31,32,21,28,29,95,4988,19,25,998,4989,2928,23,24,22,20,30,92,93,94],"class_list":{"0":"post-63902","1":"post","2":"type-post","3":"status-publish","4":"format-standard","5":"has-post-thumbnail","7":"category-maailm","8":"tag-breaking-news","9":"tag-breakingnews","10":"tag-ee","11":"tag-eesti","12":"tag-eesti-keel","13":"tag-elustiil","14":"tag-estonia","15":"tag-estonian","16":"tag-featured-news","17":"tag-featurednews","18":"tag-headlines","19":"tag-latest-news","20":"tag-latestnews","21":"tag-maailm","22":"tag-moeuudised","23":"tag-news","24":"tag-populaarseimad-lood","25":"tag-sobranna","26":"tag-soovitused","27":"tag-suhted","28":"tag-top-stories","29":"tag-topstories","30":"tag-uldised-uudised","31":"tag-uudised","32":"tag-viimased-uudised","33":"tag-world","34":"tag-world-news","35":"tag-worldnews"},"share_on_mastodon":{"url":"https:\/\/pubeurope.com\/@ee\/115713926192987361","error":""},"_links":{"self":[{"href":"https:\/\/www.europesays.com\/ee\/wp-json\/wp\/v2\/posts\/63902","targetHints":{"allow":["GET"]}}],"collection":[{"href":"https:\/\/www.europesays.com\/ee\/wp-json\/wp\/v2\/posts"}],"about":[{"href":"https:\/\/www.europesays.com\/ee\/wp-json\/wp\/v2\/types\/post"}],"author":[{"embeddable":true,"href":"https:\/\/www.europesays.com\/ee\/wp-json\/wp\/v2\/users\/2"}],"replies":[{"embeddable":true,"href":"https:\/\/www.europesays.com\/ee\/wp-json\/wp\/v2\/comments?post=63902"}],"version-history":[{"count":0,"href":"https:\/\/www.europesays.com\/ee\/wp-json\/wp\/v2\/posts\/63902\/revisions"}],"wp:featuredmedia":[{"embeddable":true,"href":"https:\/\/www.europesays.com\/ee\/wp-json\/wp\/v2\/media\/63903"}],"wp:attachment":[{"href":"https:\/\/www.europesays.com\/ee\/wp-json\/wp\/v2\/media?parent=63902"}],"wp:term":[{"taxonomy":"category","embeddable":true,"href":"https:\/\/www.europesays.com\/ee\/wp-json\/wp\/v2\/categories?post=63902"},{"taxonomy":"post_tag","embeddable":true,"href":"https:\/\/www.europesays.com\/ee\/wp-json\/wp\/v2\/tags?post=63902"}],"curies":[{"name":"wp","href":"https:\/\/api.w.org\/{rel}","templated":true}]}}