{"id":63904,"date":"2025-12-13T19:33:21","date_gmt":"2025-12-13T19:33:21","guid":{"rendered":"https:\/\/www.europesays.com\/ee\/63904\/"},"modified":"2025-12-13T19:33:21","modified_gmt":"2025-12-13T19:33:21","slug":"vorumaal-kogutakse-taas-kokku-laste-joulusoovid-eesti","status":"publish","type":"post","link":"https:\/\/www.europesays.com\/ee\/63904\/","title":{"rendered":"V\u00f5rumaal kogutakse taas kokku laste j\u00f5ulusoovid | Eesti"},"content":{"rendered":"<p>V\u00f5rumaal kogub heategevuslik organisatsioon Saagu Parem juba 12. aastat kokku laste j\u00f5ulusoovid ja t\u00e4idab need heategijate abiga. T\u00e4navune kampaania &#8220;Laseme lastel olla lapsed&#8221; tuletab meelde, et asjalikkuse keskel ei tohi unustada, et laste p\u00f5hit\u00f6\u00f6 on ennek\u00f5ike olla laps.<\/p>\n<p>&#8220;\/&#8230;\/ aga ma luban, et j\u00e4rgmisel aastal olen veelgi parem, ausalt&#8221;, &#8220;aitan alati teisi, kui keegi on kurb, p\u00fc\u00fcan teda toetada ja kui kellelgi on abi vaja, ei j\u00e4ta ma teda \u00fcksi&#8221;. Nii k\u00f5lavad v\u00e4ljav\u00f5tted t\u00e4navu Saagu Parem j\u00f5uluvanakontorisse saadetud laste kirjadest. Nad kirjeldavad oma p\u00e4eva, h\u00e4sti palju kirjeldavad oma hobisid. V\u00f5rumaa poiste seas on v\u00e4ga palju kalastushuvilisi<\/p>\n<p>K\u00f5igi laste soovid, mis j\u00f5udsid keskusesse p\u00e4ris kirjana j\u00f5uluvanale, saavad ka heategijate abiga t\u00e4idetud.\u00a0 Aga lisaks sellele saavad k\u00f5ik kirjakirjutajad ka vastuse. 18-aastane Reigo Treier ongi just parasjagu vabatahtlikuna laste kirjadele vastamas.<\/p>\n<p>&#8220;See on tore traditsioon, minule meeldib. Kui olla noorem ja kirjutada j\u00f5uluvanale kirja, siis on v\u00e4hemalt kindel, et sa saad oma soovi t\u00e4idetud,&#8221; \u00fctles Treier.<\/p>\n<p>Kui m\u00f5nel aastal on keskusele tulnud \u00fcle 400 kirja, siis t\u00e4navu 85 \u2013 Haljendi s\u00f5nul arvestavad lapsedki sellega, et praegused ajad on nagu on.<\/p>\n<p>&#8220;Inimesed on v\u00e4sinud kurtmast ja nad tahavad n\u00e4idata, et nendes on \u00fchtne j\u00f5ud olemas,&#8221; lausus Saagu Parem keskuse eestvedaja Piret Haljend.<\/p>\n<p>Haljendi jaoks on suurem mure aga see, et lapsed ei saa olla piisavalt lapsed. Sellest ka t\u00e4navune kampaania tunnuslause.<\/p>\n<p>&#8220;Lapsed kirjutasid, et kui head ja tublid nad on ja kuidas nad ikka tahavad p\u00fc\u00fcda ja aidata vanemaid ja aidata s\u00f5pru ja nad natuke \u00f5igustaksid igat asja. Siis m\u00f5tlesin, et nad on ju lapsed ja \u00fctlesin k\u00f5igile avalikult, laseme sel aastal olla lastel lapsed. Kogu s\u00fcsteem aitab kuidagi, et \u00f5petada lapsevanemaks olemist, aga samas \u00fcha n\u00e4eme, et lapsed v\u00f5tavad tihti \u00fcle lapsevanema rolli ja p\u00fc\u00fcavad t\u00e4ita seda auku, mis v\u00f5ib-olla lapsevanem ei t\u00e4ida,&#8221; lausus Haljend.<\/p>\n<p>Samas j\u00e4tkub t\u00f6\u00f6 j\u00f5uluvana kontoris, kus kingid ootavad pakkimist ja kommid kotti r\u00e4ndamist. 20. detsembril seisab ees pea 300 kilomeetri pikkune ring m\u00f6\u00f6da V\u00f5rumaad, kus tehakse tosinkond peatust ja k\u00f5ik lapsed, kes on tulnud j\u00f5ulubussile vastu, saavad v\u00e4ikese kingi ja kommikoti. Just viimase osas on ka keskusel k\u00f5ige rohkem abi vaja.<\/p>\n<p>&#8220;Kuni 19. detsembri \u00f5htuni on meil vaja v\u00e4ga palju komme, igasuguseid komme, karamelle, \u0161okolaadi ja n\u00e4tsukomme,&#8221; \u00fctles Haljend.<\/p>\n","protected":false},"excerpt":{"rendered":"V\u00f5rumaal kogub heategevuslik organisatsioon Saagu Parem juba 12. aastat kokku laste j\u00f5ulusoovid ja t\u00e4idab need heategijate abiga. T\u00e4navune&hellip;\n","protected":false},"author":2,"featured_media":63905,"comment_status":"","ping_status":"","sticky":false,"template":"","format":"standard","meta":{"footnotes":""},"categories":[12],"tags":[26,27,37,33,35,34,36,31,32,21,12286,28,29,19,25,32361,23,24,22,20,30,1975],"class_list":{"0":"post-63904","1":"post","2":"type-post","3":"status-publish","4":"format-standard","5":"has-post-thumbnail","7":"category-eesti","8":"tag-breaking-news","9":"tag-breakingnews","10":"tag-ee","11":"tag-eesti","12":"tag-eesti-keel","13":"tag-estonia","14":"tag-estonian","15":"tag-featured-news","16":"tag-featurednews","17":"tag-headlines","18":"tag-joulud","19":"tag-latest-news","20":"tag-latestnews","21":"tag-news","22":"tag-populaarseimad-lood","23":"tag-saagu-parem","24":"tag-top-stories","25":"tag-topstories","26":"tag-uldised-uudised","27":"tag-uudised","28":"tag-viimased-uudised","29":"tag-vorumaa"},"share_on_mastodon":{"url":"https:\/\/pubeurope.com\/@ee\/115713934398013548","error":""},"_links":{"self":[{"href":"https:\/\/www.europesays.com\/ee\/wp-json\/wp\/v2\/posts\/63904","targetHints":{"allow":["GET"]}}],"collection":[{"href":"https:\/\/www.europesays.com\/ee\/wp-json\/wp\/v2\/posts"}],"about":[{"href":"https:\/\/www.europesays.com\/ee\/wp-json\/wp\/v2\/types\/post"}],"author":[{"embeddable":true,"href":"https:\/\/www.europesays.com\/ee\/wp-json\/wp\/v2\/users\/2"}],"replies":[{"embeddable":true,"href":"https:\/\/www.europesays.com\/ee\/wp-json\/wp\/v2\/comments?post=63904"}],"version-history":[{"count":0,"href":"https:\/\/www.europesays.com\/ee\/wp-json\/wp\/v2\/posts\/63904\/revisions"}],"wp:featuredmedia":[{"embeddable":true,"href":"https:\/\/www.europesays.com\/ee\/wp-json\/wp\/v2\/media\/63905"}],"wp:attachment":[{"href":"https:\/\/www.europesays.com\/ee\/wp-json\/wp\/v2\/media?parent=63904"}],"wp:term":[{"taxonomy":"category","embeddable":true,"href":"https:\/\/www.europesays.com\/ee\/wp-json\/wp\/v2\/categories?post=63904"},{"taxonomy":"post_tag","embeddable":true,"href":"https:\/\/www.europesays.com\/ee\/wp-json\/wp\/v2\/tags?post=63904"}],"curies":[{"name":"wp","href":"https:\/\/api.w.org\/{rel}","templated":true}]}}